{"id":63,"date":"2021-11-12T10:35:31","date_gmt":"2021-11-12T09:35:31","guid":{"rendered":"https:\/\/ccfris-af.org\/en\/?p=63"},"modified":"2024-09-23T16:52:29","modified_gmt":"2024-09-23T14:52:29","slug":"seminar-at-the-senate-in-paris-on-green-hydrogen","status":"publish","type":"post","link":"https:\/\/ccfris-af.org\/en\/seminar-at-the-senate-in-paris-on-green-hydrogen\/","title":{"rendered":"Seminar at the Senate in Paris on Green Hydrogen"},"content":{"rendered":"<p>[et_pb_section fb_built=&#8221;1&#8243; disabled_on=&#8221;off|off|off&#8221; admin_label=&#8221;Section&#8221; _builder_version=&#8221;4.27.0&#8243; _module_preset=&#8221;default&#8221; background_enable_color=&#8221;off&#8221; use_background_color_gradient=&#8221;on&#8221; background_color_gradient_stops=&#8221;rgba(0,51,153,0.4) 0%|rgba(0,51,153,0.3) 100%&#8221; background_color_gradient_overlays_image=&#8221;on&#8221; background_image=&#8221;https:\/\/ccfris-af.org\/wp-content\/uploads\/2024\/08\/Stokksnes-Islande-\u00a9-E.-Biard.jpg&#8221; module_alignment=&#8221;center&#8221; height=&#8221;350px&#8221; height_tablet=&#8221;350px&#8221; height_phone=&#8221;350px&#8221; height_last_edited=&#8221;on|phone&#8221; custom_padding=&#8221;||||false|false&#8221; locked=&#8221;off&#8221; global_colors_info=&#8221;{}&#8221;][et_pb_row column_structure=&#8221;3_4,1_4&#8243; _builder_version=&#8221;4.27.0&#8243; _module_preset=&#8221;default&#8221; width=&#8221;100%&#8221; module_alignment=&#8221;center&#8221; hover_enabled=&#8221;0&#8243; global_colors_info=&#8221;{}&#8221; custom_padding_last_edited=&#8221;on|phone&#8221; custom_padding_phone=&#8221;0px||||false|false&#8221; sticky_enabled=&#8221;0&#8243;][et_pb_column type=&#8221;3_4&#8243; _builder_version=&#8221;4.25.1&#8243; _module_preset=&#8221;default&#8221; global_colors_info=&#8221;{}&#8221;][et_pb_post_title author=&#8221;off&#8221; date_format=&#8221;j M, Y&#8221; categories=&#8221;off&#8221; comments=&#8221;off&#8221; featured_image=&#8221;off&#8221; admin_label=&#8221;Titre du post AUTOMATIQUE&#8221; _builder_version=&#8221;4.27.0&#8243; _module_preset=&#8221;default&#8221; title_font=&#8221;Libre Franklin|600|||||||&#8221; title_text_color=&#8221;#FFFFFF&#8221; title_font_size=&#8221;45px&#8221; meta_font=&#8221;|300|||||||&#8221; meta_text_color=&#8221;#FFFFFF&#8221; meta_font_size=&#8221;11px&#8221; title_text_align_tablet=&#8221;center&#8221; title_text_align_phone=&#8221;center&#8221; title_text_align_last_edited=&#8221;on|phone&#8221; title_font_size_tablet=&#8221;45px&#8221; title_font_size_phone=&#8221;32px&#8221; title_font_size_last_edited=&#8221;on|phone&#8221; meta_text_align_tablet=&#8221;center&#8221; meta_text_align_phone=&#8221;center&#8221; meta_text_align_last_edited=&#8221;on|phone&#8221; global_colors_info=&#8221;{}&#8221;][\/et_pb_post_title][\/et_pb_column][et_pb_column type=&#8221;1_4&#8243; _builder_version=&#8221;4.25.1&#8243; _module_preset=&#8221;default&#8221; global_colors_info=&#8221;{}&#8221;][et_pb_button button_url=&#8221;@ET-DC@eyJkeW5hbWljIjp0cnVlLCJjb250ZW50IjoicG9zdF9saW5rX3VybF9wYWdlIiwic2V0dGluZ3MiOnsicG9zdF9pZCI6IjQzIn19@&#8221; button_text=&#8221;Back&#8221; button_alignment=&#8221;right&#8221; button_alignment_tablet=&#8221;right&#8221; button_alignment_phone=&#8221;center&#8221; button_alignment_last_edited=&#8221;on|phone&#8221; admin_label=&#8221;Bouton Retour&#8221; _builder_version=&#8221;4.27.0&#8243; _dynamic_attributes=&#8221;button_url&#8221; custom_button=&#8221;on&#8221; button_text_size=&#8221;14px&#8221; button_bg_color=&#8221;#cc3300&#8243; button_border_color=&#8221;#cc3300&#8243; button_border_radius=&#8221;0px&#8221; button_letter_spacing=&#8221;3px&#8221; button_font=&#8221;Libre Franklin|700||on|||||&#8221; button_icon=&#8221;&#x35;||divi||400&#8243; background_layout=&#8221;dark&#8221; custom_margin=&#8221;|||&#8221; custom_margin_tablet=&#8221;|1em|||false|false&#8221; custom_margin_phone=&#8221;|0px|||false|false&#8221; custom_margin_last_edited=&#8221;on|tablet&#8221; custom_padding=&#8221;20px|20px|20px|20px|true|true&#8221; custom_padding_tablet=&#8221;20px|20px|20px|20px|true|true&#8221; custom_padding_phone=&#8221;10px|10px|10px|10px|true|true&#8221; custom_padding_last_edited=&#8221;on|phone&#8221; animation_direction=&#8221;right&#8221; button_text_size_tablet=&#8221;14px&#8221; button_text_size_phone=&#8221;12px&#8221; button_text_size_last_edited=&#8221;on|tablet&#8221; box_shadow_style=&#8221;preset4&#8243; box_shadow_horizontal=&#8221;-15px&#8221; box_shadow_vertical=&#8221;-15px&#8221; box_shadow_spread=&#8221;-5px&#8221; box_shadow_color=&#8221;rgba(204,51,0,0.1)&#8221; locked=&#8221;off&#8221; global_colors_info=&#8221;{}&#8221; button_text_size__hover_enabled=&#8221;off&#8221; button_one_text_size__hover_enabled=&#8221;off&#8221; button_two_text_size__hover_enabled=&#8221;off&#8221; button_text_color__hover_enabled=&#8221;off&#8221; button_one_text_color__hover_enabled=&#8221;off&#8221; button_two_text_color__hover_enabled=&#8221;off&#8221; button_border_width__hover_enabled=&#8221;off&#8221; button_one_border_width__hover_enabled=&#8221;off&#8221; button_two_border_width__hover_enabled=&#8221;off&#8221; button_border_color__hover_enabled=&#8221;off&#8221; button_one_border_color__hover_enabled=&#8221;off&#8221; button_two_border_color__hover_enabled=&#8221;off&#8221; button_border_radius__hover_enabled=&#8221;off&#8221; button_one_border_radius__hover_enabled=&#8221;off&#8221; button_two_border_radius__hover_enabled=&#8221;off&#8221; button_letter_spacing__hover_enabled=&#8221;off&#8221; button_one_letter_spacing__hover_enabled=&#8221;off&#8221; button_two_letter_spacing__hover_enabled=&#8221;off&#8221; button_bg_color__hover_enabled=&#8221;off&#8221; button_one_bg_color__hover_enabled=&#8221;off&#8221; button_two_bg_color__hover_enabled=&#8221;off&#8221;][\/et_pb_button][\/et_pb_column][\/et_pb_row][\/et_pb_section][et_pb_section fb_built=&#8221;1&#8243; admin_label=&#8221;Project&#8221; _builder_version=&#8221;4.24.3&#8243; background_enable_image=&#8221;off&#8221; background_size=&#8221;initial&#8221; background_position=&#8221;top_center&#8221; custom_padding=&#8221;0em||||false|false&#8221; locked=&#8221;off&#8221; global_colors_info=&#8221;{}&#8221;][et_pb_row column_structure=&#8221;2_3,1_3&#8243; _builder_version=&#8221;4.24.3&#8243; background_image=&#8221;https:\/\/ccfris-af.org\/wp-content\/uploads\/2024\/04\/background-ccfris-blue.png&#8221; background_size=&#8221;contain&#8221; background_position=&#8221;bottom_center&#8221; custom_margin=&#8221;|||&#8221; custom_padding=&#8221;||||false|false&#8221; locked=&#8221;off&#8221; global_colors_info=&#8221;{}&#8221;][et_pb_column type=&#8221;2_3&#8243; _builder_version=&#8221;4.16&#8243; custom_padding=&#8221;|||&#8221; global_colors_info=&#8221;{}&#8221; custom_padding__hover=&#8221;|||&#8221;][et_pb_text admin_label=&#8221;Texte de l&#8217;article&#8221; _builder_version=&#8221;4.27.0&#8243; text_font=&#8221;||||||||&#8221; text_line_height=&#8221;1.8em&#8221; header_font=&#8221;Libre Franklin|600|||||||&#8221; header_font_size=&#8221;60px&#8221; header_line_height=&#8221;1.4em&#8221; text_orientation=&#8221;justified&#8221; header_font_size_tablet=&#8221;&#8221; header_font_size_phone=&#8221;32px&#8221; header_font_size_last_edited=&#8221;on|phone&#8221; global_colors_info=&#8221;{}&#8221;]A very successful Green Hydrogen Symposium was organized by the French-Icelandic Chamber of Commerce in collaboration with the French Senate Inter-Parliamentary Friendship Group North and the Icelandic Embassy in Paris.<br \/>\nIt took place in the premises of the French Senate: the Palais du Luxembourg in Paris, in the presence of the Icelandic President, as well as the ambassadors of the two respective countries.<br \/>\nAfter a brief introduction from French Senator Ms. Gatel, from the President of Iceland, Mr. Gudni Th. Johannesson continued to set the tone by asking in his opening speech: \u201cIs hydrogen our energy vector for the future ? Can it be produced in Iceland? Can it then be shipped to users in other countries? And can we do all this in a sustainable and environmentally friendly way? Can we produce energy and protect nature at the same time? Yes we can. And yes, we must.<br \/>\nMr. Philippe Boucly, President of FRANCE HYDROGEN concluded the opening section with a brief introduction of the overall perspectives of French hydrogen, highlighting the main axes of the French 7.2 billion euro program decided by French President Emmanuel Macron for the development and applications of hydrogen, until 2030.<br \/>\nThe following two sessions of the seminar allowed the main players in this field from both countries to give the public (more than 120 public participants) a complete state of their affairs, R&amp;D, achievements and developments in this field. The following entities\/companies were on stage:<\/p>\n<ul>\n<li>LANDSVIRKJUN: CEO Hordur Arnason;<\/li>\n<li>ENGIE: Olivier Lhote-Native H2 Project Dir. ;<\/li>\n<li>GREEN by ICELAND: Dir. E. Benedikt Gudmundsson ;<\/li>\n<li>CEA\/LITEN: Laurent Antoni (Coord. H2 EU prog;<\/li>\n<li>HS ORKA: CEO Tomas Mar Sigurdsson;<\/li>\n<li>ACADEMY of TECHNOLOGIES: Dr. Isabelle Moretti;<\/li>\n<li>IDUNNH2: Mrs. Au\u00f0ur Nanna Baldvinsdottir ;<\/li>\n<li>AIR LIQUIDE: Peter Mackey H2 VP Strategy;<\/li>\n<li>QAIR: Lucien Mallet (Managing Director Carbon Neutrality) &amp; Tryggvi HERBERTSSON (Pdt. QAIR Iceland) ;<\/li>\n<li>AIRBUS: Lionel Cousseins VP Zero Emission (H2) Developments;<\/li>\n<li>ENERGY OBSERVER: Victorien Erussard &#8211; Captain and founder of Energy Observer.<\/li>\n<\/ul>\n<p>Two panels moderated by our talented moderator Paul LUCCHESE (Task force H2 MEDEF International) allowed all these actors to exchange, debate and pave the way for possible subsequent exchanges and cooperation.<br \/>\nThe two ambassadors (SE Unnur ORRADOTTIR RAMETTE for IS and SE Sophie LASZLO for FR), as well as our president of CCFRIS Baldvin Bjorn HARALDSSON, underlined in their final remarks the need to ensure follow-up of actions from 2022. We can count on our excellent relations and help from MEDEF International to secure the settlement of these next steps, for the benefit of effective IS-FR cooperation in this very promising field of H2 and renewable energies![\/et_pb_text][et_pb_code admin_label=&#8221;Vid\u00e9o int\u00e9gr\u00e9e par code <Iframe>&#8221; _builder_version=&#8221;4.25.1&#8243; _module_preset=&#8221;default&#8221; global_colors_info=&#8221;{}&#8221;]<iframe loading=\"lazy\" src=\"https:\/\/videos.senat.fr\/iframe.2590506_618e0c1d4af37\" width=\"640\" height=\"360\" frameborder=\"0\" allowfullscreen=\"true\" scrolling=\"no\"><\/iframe>[\/et_pb_code][\/et_pb_column][et_pb_column type=&#8221;1_3&#8243; _builder_version=&#8221;4.16&#8243; custom_padding=&#8221;|||&#8221; global_colors_info=&#8221;{}&#8221; custom_padding__hover=&#8221;|||&#8221;][et_pb_gallery gallery_ids=&#8221;300&#8243; fullwidth=&#8221;on&#8221; admin_label=&#8221;Galerie carrousel \u00e0 utiliser avec des images de m\u00eame dimension&#8221; _builder_version=&#8221;4.27.0&#8243; _module_preset=&#8221;default&#8221; background_layout=&#8221;dark&#8221; global_colors_info=&#8221;{}&#8221;][\/et_pb_gallery][et_pb_gallery gallery_ids=&#8221;231,230,229,228,227,226,225,224,223,222&#8243; posts_number=&#8221;3&#8243; show_title_and_caption=&#8221;off&#8221; admin_label=&#8221;Galerie d&#8217;images&#8221; _builder_version=&#8221;4.27.0&#8243; _module_preset=&#8221;default&#8221; custom_margin=&#8221;||||false|false&#8221; custom_padding=&#8221;||||true|false&#8221; global_colors_info=&#8221;{}&#8221;][\/et_pb_gallery][\/et_pb_column][\/et_pb_row][et_pb_row admin_label=&#8221;Ligne&#8221; _builder_version=&#8221;4.16&#8243; module_alignment=&#8221;right&#8221; custom_padding=&#8221;30px|0px|0|0px|false|false&#8221; locked=&#8221;off&#8221; global_colors_info=&#8221;{}&#8221;][et_pb_column type=&#8221;4_4&#8243; _builder_version=&#8221;4.16&#8243; custom_padding=&#8221;|||&#8221; global_colors_info=&#8221;{}&#8221; custom_padding__hover=&#8221;|||&#8221;][et_pb_button button_url=&#8221;@ET-DC@eyJkeW5hbWljIjp0cnVlLCJjb250ZW50IjoicG9zdF9saW5rX3VybF9wYWdlIiwic2V0dGluZ3MiOnsicG9zdF9pZCI6IjQzIn19@&#8221; button_text=&#8221;Other CCFRIS-AF news&#8221; button_alignment=&#8221;right&#8221; _builder_version=&#8221;4.27.0&#8243; _dynamic_attributes=&#8221;button_url&#8221; custom_button=&#8221;on&#8221; button_text_size=&#8221;14px&#8221; button_bg_color=&#8221;#003399&#8243; button_border_color=&#8221;#003399&#8243; button_border_radius=&#8221;0px&#8221; button_letter_spacing=&#8221;3px&#8221; button_font=&#8221;Libre Franklin|700||on|||||&#8221; button_icon=&#8221;&#x35;||divi||400&#8243; button_on_hover=&#8221;off&#8221; background_layout=&#8221;dark&#8221; custom_margin=&#8221;|||&#8221; custom_padding=&#8221;30px|70px|30px|70px|true|true&#8221; custom_padding_tablet=&#8221;30px|70px|30px|70px|true|true&#8221; custom_padding_phone=&#8221;10px|10px|10px|10px|true|true&#8221; custom_padding_last_edited=&#8221;on|phone&#8221; animation_style=&#8221;fold&#8221; animation_direction=&#8221;right&#8221; button_text_size_tablet=&#8221;14px&#8221; button_text_size_phone=&#8221;12px&#8221; button_text_size_last_edited=&#8221;on|phone&#8221; box_shadow_style=&#8221;preset4&#8243; box_shadow_horizontal=&#8221;-30px&#8221; box_shadow_vertical=&#8221;-30px&#8221; box_shadow_spread=&#8221;-10px&#8221; box_shadow_color=&#8221;rgba(0,51,153,0.1)&#8221; global_colors_info=&#8221;{}&#8221; button_text_size__hover_enabled=&#8221;off&#8221; button_one_text_size__hover_enabled=&#8221;off&#8221; button_two_text_size__hover_enabled=&#8221;off&#8221; button_text_color__hover_enabled=&#8221;off&#8221; button_one_text_color__hover_enabled=&#8221;off&#8221; button_two_text_color__hover_enabled=&#8221;off&#8221; button_border_width__hover_enabled=&#8221;off&#8221; button_one_border_width__hover_enabled=&#8221;off&#8221; button_two_border_width__hover_enabled=&#8221;off&#8221; button_border_color__hover_enabled=&#8221;off&#8221; button_one_border_color__hover_enabled=&#8221;off&#8221; button_two_border_color__hover_enabled=&#8221;off&#8221; button_border_radius__hover_enabled=&#8221;off&#8221; button_one_border_radius__hover_enabled=&#8221;off&#8221; button_two_border_radius__hover_enabled=&#8221;off&#8221; button_letter_spacing__hover_enabled=&#8221;off&#8221; button_one_letter_spacing__hover_enabled=&#8221;off&#8221; button_two_letter_spacing__hover_enabled=&#8221;off&#8221; button_bg_color__hover_enabled=&#8221;off&#8221; button_one_bg_color__hover_enabled=&#8221;off&#8221; button_two_bg_color__hover_enabled=&#8221;off&#8221;][\/et_pb_button][\/et_pb_column][\/et_pb_row][\/et_pb_section]<\/p>\n","protected":false},"excerpt":{"rendered":"<p>A very successful Green Hydrogen Symposium was organized by the French-Icelandic Chamber of Commerce in collaboration with the French Senate Inter-Parliamentary Friendship Group North and the Icelandic Embassy in Paris. It took place in the premises of the French Senate: the Palais du Luxembourg in Paris, in the presence of the Icelandic President, as well [&hellip;]<\/p>\n","protected":false},"author":1,"featured_media":298,"comment_status":"closed","ping_status":"open","sticky":false,"template":"","format":"standard","meta":{"_et_pb_use_builder":"on","_et_pb_old_content":"","_et_gb_content_width":"","footnotes":""},"categories":[4],"tags":[],"class_list":["post-63","post","type-post","status-publish","format-standard","has-post-thumbnail","hentry","category-year-2021"],"yoast_head":"<!-- This site is optimized with the Yoast SEO plugin v23.9 - https:\/\/yoast.com\/wordpress\/plugins\/seo\/ -->\n<title>Seminar at the Senate in Paris on Green Hydrogen - French Association of the French-Icelandic Chamber of Commerce and Industry - CCFRIS-AF<\/title>\n<meta name=\"description\" content=\"A very successful Green Hydrogen Symposium was organized by the French-Icelandic Chamber of Commerce in collaboration with the French Senate Inter-Parliamentary Friendship Group North and the Icelandic Embassy in Paris.\" \/>\n<meta name=\"robots\" content=\"index, follow, max-snippet:-1, max-image-preview:large, max-video-preview:-1\" \/>\n<link rel=\"canonical\" href=\"https:\/\/ccfris-af.org\/en\/seminar-at-the-senate-in-paris-on-green-hydrogen\/\" \/>\n<meta property=\"og:locale\" content=\"en_GB\" \/>\n<meta property=\"og:type\" content=\"article\" \/>\n<meta property=\"og:title\" content=\"Seminar at the Senate in Paris on Green Hydrogen - French Association of the French-Icelandic Chamber of Commerce and Industry - CCFRIS-AF\" \/>\n<meta property=\"og:description\" content=\"A very successful Green Hydrogen Symposium was organized by the French-Icelandic Chamber of Commerce in collaboration with the French Senate Inter-Parliamentary Friendship Group North and the Icelandic Embassy in Paris.\" \/>\n<meta property=\"og:url\" content=\"https:\/\/ccfris-af.org\/en\/seminar-at-the-senate-in-paris-on-green-hydrogen\/\" \/>\n<meta property=\"og:site_name\" content=\"French Association of the French-Icelandic Chamber of Commerce and Industry - CCFRIS-AF\" \/>\n<meta property=\"article:publisher\" content=\"https:\/\/www.facebook.com\/CCFRIS\" \/>\n<meta property=\"article:published_time\" content=\"2021-11-12T09:35:31+00:00\" \/>\n<meta property=\"article:modified_time\" content=\"2024-09-23T14:52:29+00:00\" \/>\n<meta property=\"og:image\" content=\"https:\/\/ccfris-af.org\/en\/wp-content\/uploads\/sites\/2\/2021\/11\/Affiche-Colloque-sur-Hydrogene-vert-Palais-du-Luxembourg-12-novembre-2021-CCFRIS-.jpg\" \/>\n\t<meta property=\"og:image:width\" content=\"595\" \/>\n\t<meta property=\"og:image:height\" content=\"842\" \/>\n\t<meta property=\"og:image:type\" content=\"image\/jpeg\" \/>\n<meta name=\"author\" content=\"Julien Barbat\" \/>\n<meta name=\"twitter:card\" content=\"summary_large_image\" \/>\n<meta name=\"twitter:label1\" content=\"Written by\" \/>\n\t<meta name=\"twitter:data1\" content=\"Julien Barbat\" \/>\n\t<meta name=\"twitter:label2\" content=\"Estimated reading time\" \/>\n\t<meta name=\"twitter:data2\" content=\"5 minutes\" \/>\n<script type=\"application\/ld+json\" class=\"yoast-schema-graph\">{\"@context\":\"https:\/\/schema.org\",\"@graph\":[{\"@type\":\"Article\",\"@id\":\"https:\/\/ccfris-af.org\/en\/seminar-at-the-senate-in-paris-on-green-hydrogen\/#article\",\"isPartOf\":{\"@id\":\"https:\/\/ccfris-af.org\/en\/seminar-at-the-senate-in-paris-on-green-hydrogen\/\"},\"author\":{\"name\":\"Julien Barbat\",\"@id\":\"https:\/\/ccfris-af.org\/en\/#\/schema\/person\/1bd85f34bc7fab90d5ba63ac7b4627f8\"},\"headline\":\"Seminar at the Senate in Paris on Green Hydrogen\",\"datePublished\":\"2021-11-12T09:35:31+00:00\",\"dateModified\":\"2024-09-23T14:52:29+00:00\",\"mainEntityOfPage\":{\"@id\":\"https:\/\/ccfris-af.org\/en\/seminar-at-the-senate-in-paris-on-green-hydrogen\/\"},\"wordCount\":1613,\"publisher\":{\"@id\":\"https:\/\/ccfris-af.org\/en\/#organization\"},\"image\":{\"@id\":\"https:\/\/ccfris-af.org\/en\/seminar-at-the-senate-in-paris-on-green-hydrogen\/#primaryimage\"},\"thumbnailUrl\":\"https:\/\/ccfris-af.org\/en\/wp-content\/uploads\/sites\/2\/2021\/11\/Affiche-Colloque-sur-Hydrogene-vert-Palais-du-Luxembourg-12-novembre-2021-CCFRIS-.jpg\",\"articleSection\":[\"Year 2021\"],\"inLanguage\":\"en-GB\"},{\"@type\":\"WebPage\",\"@id\":\"https:\/\/ccfris-af.org\/en\/seminar-at-the-senate-in-paris-on-green-hydrogen\/\",\"url\":\"https:\/\/ccfris-af.org\/en\/seminar-at-the-senate-in-paris-on-green-hydrogen\/\",\"name\":\"Seminar at the Senate in Paris on Green Hydrogen - French Association of the French-Icelandic Chamber of Commerce and Industry - CCFRIS-AF\",\"isPartOf\":{\"@id\":\"https:\/\/ccfris-af.org\/en\/#website\"},\"primaryImageOfPage\":{\"@id\":\"https:\/\/ccfris-af.org\/en\/seminar-at-the-senate-in-paris-on-green-hydrogen\/#primaryimage\"},\"image\":{\"@id\":\"https:\/\/ccfris-af.org\/en\/seminar-at-the-senate-in-paris-on-green-hydrogen\/#primaryimage\"},\"thumbnailUrl\":\"https:\/\/ccfris-af.org\/en\/wp-content\/uploads\/sites\/2\/2021\/11\/Affiche-Colloque-sur-Hydrogene-vert-Palais-du-Luxembourg-12-novembre-2021-CCFRIS-.jpg\",\"datePublished\":\"2021-11-12T09:35:31+00:00\",\"dateModified\":\"2024-09-23T14:52:29+00:00\",\"description\":\"A very successful Green Hydrogen Symposium was organized by the French-Icelandic Chamber of Commerce in collaboration with the French Senate Inter-Parliamentary Friendship Group North and the Icelandic Embassy in Paris.\",\"breadcrumb\":{\"@id\":\"https:\/\/ccfris-af.org\/en\/seminar-at-the-senate-in-paris-on-green-hydrogen\/#breadcrumb\"},\"inLanguage\":\"en-GB\",\"potentialAction\":[{\"@type\":\"ReadAction\",\"target\":[\"https:\/\/ccfris-af.org\/en\/seminar-at-the-senate-in-paris-on-green-hydrogen\/\"]}]},{\"@type\":\"ImageObject\",\"inLanguage\":\"en-GB\",\"@id\":\"https:\/\/ccfris-af.org\/en\/seminar-at-the-senate-in-paris-on-green-hydrogen\/#primaryimage\",\"url\":\"https:\/\/ccfris-af.org\/en\/wp-content\/uploads\/sites\/2\/2021\/11\/Affiche-Colloque-sur-Hydrogene-vert-Palais-du-Luxembourg-12-novembre-2021-CCFRIS-.jpg\",\"contentUrl\":\"https:\/\/ccfris-af.org\/en\/wp-content\/uploads\/sites\/2\/2021\/11\/Affiche-Colloque-sur-Hydrogene-vert-Palais-du-Luxembourg-12-novembre-2021-CCFRIS-.jpg\",\"width\":595,\"height\":842},{\"@type\":\"BreadcrumbList\",\"@id\":\"https:\/\/ccfris-af.org\/en\/seminar-at-the-senate-in-paris-on-green-hydrogen\/#breadcrumb\",\"itemListElement\":[{\"@type\":\"ListItem\",\"position\":1,\"name\":\"Accueil\",\"item\":\"https:\/\/ccfris-af.org\/en\/\"},{\"@type\":\"ListItem\",\"position\":2,\"name\":\"Seminar at the Senate in Paris on Green Hydrogen\"}]},{\"@type\":\"WebSite\",\"@id\":\"https:\/\/ccfris-af.org\/en\/#website\",\"url\":\"https:\/\/ccfris-af.org\/en\/\",\"name\":\"French Association of the Chamber of Commerce and Industry French-Icelandic - CCFRIS-AF\",\"description\":\"\",\"publisher\":{\"@id\":\"https:\/\/ccfris-af.org\/en\/#organization\"},\"potentialAction\":[{\"@type\":\"SearchAction\",\"target\":{\"@type\":\"EntryPoint\",\"urlTemplate\":\"https:\/\/ccfris-af.org\/en\/?s={search_term_string}\"},\"query-input\":{\"@type\":\"PropertyValueSpecification\",\"valueRequired\":true,\"valueName\":\"search_term_string\"}}],\"inLanguage\":\"en-GB\"},{\"@type\":\"Organization\",\"@id\":\"https:\/\/ccfris-af.org\/en\/#organization\",\"name\":\"French Association of the Chamber of Commerce and Industry French-Icelandic - CCFRIS-AF\",\"url\":\"https:\/\/ccfris-af.org\/en\/\",\"logo\":{\"@type\":\"ImageObject\",\"inLanguage\":\"en-GB\",\"@id\":\"https:\/\/ccfris-af.org\/en\/#\/schema\/logo\/image\/\",\"url\":\"https:\/\/ccfris-af.org\/en\/wp-content\/uploads\/sites\/2\/2024\/09\/Logo-Association-Francaise-de-la-Chambre-de-Commerce-et-Industrie-Franco-Islandaise-CCFRIS-AF.jpg\",\"contentUrl\":\"https:\/\/ccfris-af.org\/en\/wp-content\/uploads\/sites\/2\/2024\/09\/Logo-Association-Francaise-de-la-Chambre-de-Commerce-et-Industrie-Franco-Islandaise-CCFRIS-AF.jpg\",\"width\":66,\"height\":84,\"caption\":\"French Association of the Chamber of Commerce and Industry French-Icelandic - CCFRIS-AF\"},\"image\":{\"@id\":\"https:\/\/ccfris-af.org\/en\/#\/schema\/logo\/image\/\"},\"sameAs\":[\"https:\/\/www.facebook.com\/CCFRIS\",\"https:\/\/fr.linkedin.com\/company\/fris-chambre-de-commerce-franco-islandaise-en-france\"]},{\"@type\":\"Person\",\"@id\":\"https:\/\/ccfris-af.org\/en\/#\/schema\/person\/1bd85f34bc7fab90d5ba63ac7b4627f8\",\"name\":\"Julien Barbat\",\"image\":{\"@type\":\"ImageObject\",\"inLanguage\":\"en-GB\",\"@id\":\"https:\/\/ccfris-af.org\/en\/#\/schema\/person\/image\/\",\"url\":\"https:\/\/secure.gravatar.com\/avatar\/1dfbac3f714644665423810343f35a0f?s=96&d=mm&r=g\",\"contentUrl\":\"https:\/\/secure.gravatar.com\/avatar\/1dfbac3f714644665423810343f35a0f?s=96&d=mm&r=g\",\"caption\":\"Julien Barbat\"},\"sameAs\":[\"https:\/\/julienbarbat.com\"]}]}<\/script>\n<!-- \/ Yoast SEO plugin. -->","yoast_head_json":{"title":"Seminar at the Senate in Paris on Green Hydrogen - French Association of the French-Icelandic Chamber of Commerce and Industry - CCFRIS-AF","description":"A very successful Green Hydrogen Symposium was organized by the French-Icelandic Chamber of Commerce in collaboration with the French Senate Inter-Parliamentary Friendship Group North and the Icelandic Embassy in Paris.","robots":{"index":"index","follow":"follow","max-snippet":"max-snippet:-1","max-image-preview":"max-image-preview:large","max-video-preview":"max-video-preview:-1"},"canonical":"https:\/\/ccfris-af.org\/en\/seminar-at-the-senate-in-paris-on-green-hydrogen\/","og_locale":"en_GB","og_type":"article","og_title":"Seminar at the Senate in Paris on Green Hydrogen - French Association of the French-Icelandic Chamber of Commerce and Industry - CCFRIS-AF","og_description":"A very successful Green Hydrogen Symposium was organized by the French-Icelandic Chamber of Commerce in collaboration with the French Senate Inter-Parliamentary Friendship Group North and the Icelandic Embassy in Paris.","og_url":"https:\/\/ccfris-af.org\/en\/seminar-at-the-senate-in-paris-on-green-hydrogen\/","og_site_name":"French Association of the French-Icelandic Chamber of Commerce and Industry - CCFRIS-AF","article_publisher":"https:\/\/www.facebook.com\/CCFRIS","article_published_time":"2021-11-12T09:35:31+00:00","article_modified_time":"2024-09-23T14:52:29+00:00","og_image":[{"width":595,"height":842,"url":"https:\/\/ccfris-af.org\/en\/wp-content\/uploads\/sites\/2\/2021\/11\/Affiche-Colloque-sur-Hydrogene-vert-Palais-du-Luxembourg-12-novembre-2021-CCFRIS-.jpg","type":"image\/jpeg"}],"author":"Julien Barbat","twitter_card":"summary_large_image","twitter_misc":{"Written by":"Julien Barbat","Estimated reading time":"5 minutes"},"schema":{"@context":"https:\/\/schema.org","@graph":[{"@type":"Article","@id":"https:\/\/ccfris-af.org\/en\/seminar-at-the-senate-in-paris-on-green-hydrogen\/#article","isPartOf":{"@id":"https:\/\/ccfris-af.org\/en\/seminar-at-the-senate-in-paris-on-green-hydrogen\/"},"author":{"name":"Julien Barbat","@id":"https:\/\/ccfris-af.org\/en\/#\/schema\/person\/1bd85f34bc7fab90d5ba63ac7b4627f8"},"headline":"Seminar at the Senate in Paris on Green Hydrogen","datePublished":"2021-11-12T09:35:31+00:00","dateModified":"2024-09-23T14:52:29+00:00","mainEntityOfPage":{"@id":"https:\/\/ccfris-af.org\/en\/seminar-at-the-senate-in-paris-on-green-hydrogen\/"},"wordCount":1613,"publisher":{"@id":"https:\/\/ccfris-af.org\/en\/#organization"},"image":{"@id":"https:\/\/ccfris-af.org\/en\/seminar-at-the-senate-in-paris-on-green-hydrogen\/#primaryimage"},"thumbnailUrl":"https:\/\/ccfris-af.org\/en\/wp-content\/uploads\/sites\/2\/2021\/11\/Affiche-Colloque-sur-Hydrogene-vert-Palais-du-Luxembourg-12-novembre-2021-CCFRIS-.jpg","articleSection":["Year 2021"],"inLanguage":"en-GB"},{"@type":"WebPage","@id":"https:\/\/ccfris-af.org\/en\/seminar-at-the-senate-in-paris-on-green-hydrogen\/","url":"https:\/\/ccfris-af.org\/en\/seminar-at-the-senate-in-paris-on-green-hydrogen\/","name":"Seminar at the Senate in Paris on Green Hydrogen - French Association of the French-Icelandic Chamber of Commerce and Industry - CCFRIS-AF","isPartOf":{"@id":"https:\/\/ccfris-af.org\/en\/#website"},"primaryImageOfPage":{"@id":"https:\/\/ccfris-af.org\/en\/seminar-at-the-senate-in-paris-on-green-hydrogen\/#primaryimage"},"image":{"@id":"https:\/\/ccfris-af.org\/en\/seminar-at-the-senate-in-paris-on-green-hydrogen\/#primaryimage"},"thumbnailUrl":"https:\/\/ccfris-af.org\/en\/wp-content\/uploads\/sites\/2\/2021\/11\/Affiche-Colloque-sur-Hydrogene-vert-Palais-du-Luxembourg-12-novembre-2021-CCFRIS-.jpg","datePublished":"2021-11-12T09:35:31+00:00","dateModified":"2024-09-23T14:52:29+00:00","description":"A very successful Green Hydrogen Symposium was organized by the French-Icelandic Chamber of Commerce in collaboration with the French Senate Inter-Parliamentary Friendship Group North and the Icelandic Embassy in Paris.","breadcrumb":{"@id":"https:\/\/ccfris-af.org\/en\/seminar-at-the-senate-in-paris-on-green-hydrogen\/#breadcrumb"},"inLanguage":"en-GB","potentialAction":[{"@type":"ReadAction","target":["https:\/\/ccfris-af.org\/en\/seminar-at-the-senate-in-paris-on-green-hydrogen\/"]}]},{"@type":"ImageObject","inLanguage":"en-GB","@id":"https:\/\/ccfris-af.org\/en\/seminar-at-the-senate-in-paris-on-green-hydrogen\/#primaryimage","url":"https:\/\/ccfris-af.org\/en\/wp-content\/uploads\/sites\/2\/2021\/11\/Affiche-Colloque-sur-Hydrogene-vert-Palais-du-Luxembourg-12-novembre-2021-CCFRIS-.jpg","contentUrl":"https:\/\/ccfris-af.org\/en\/wp-content\/uploads\/sites\/2\/2021\/11\/Affiche-Colloque-sur-Hydrogene-vert-Palais-du-Luxembourg-12-novembre-2021-CCFRIS-.jpg","width":595,"height":842},{"@type":"BreadcrumbList","@id":"https:\/\/ccfris-af.org\/en\/seminar-at-the-senate-in-paris-on-green-hydrogen\/#breadcrumb","itemListElement":[{"@type":"ListItem","position":1,"name":"Accueil","item":"https:\/\/ccfris-af.org\/en\/"},{"@type":"ListItem","position":2,"name":"Seminar at the Senate in Paris on Green Hydrogen"}]},{"@type":"WebSite","@id":"https:\/\/ccfris-af.org\/en\/#website","url":"https:\/\/ccfris-af.org\/en\/","name":"French Association of the Chamber of Commerce and Industry French-Icelandic - CCFRIS-AF","description":"","publisher":{"@id":"https:\/\/ccfris-af.org\/en\/#organization"},"potentialAction":[{"@type":"SearchAction","target":{"@type":"EntryPoint","urlTemplate":"https:\/\/ccfris-af.org\/en\/?s={search_term_string}"},"query-input":{"@type":"PropertyValueSpecification","valueRequired":true,"valueName":"search_term_string"}}],"inLanguage":"en-GB"},{"@type":"Organization","@id":"https:\/\/ccfris-af.org\/en\/#organization","name":"French Association of the Chamber of Commerce and Industry French-Icelandic - CCFRIS-AF","url":"https:\/\/ccfris-af.org\/en\/","logo":{"@type":"ImageObject","inLanguage":"en-GB","@id":"https:\/\/ccfris-af.org\/en\/#\/schema\/logo\/image\/","url":"https:\/\/ccfris-af.org\/en\/wp-content\/uploads\/sites\/2\/2024\/09\/Logo-Association-Francaise-de-la-Chambre-de-Commerce-et-Industrie-Franco-Islandaise-CCFRIS-AF.jpg","contentUrl":"https:\/\/ccfris-af.org\/en\/wp-content\/uploads\/sites\/2\/2024\/09\/Logo-Association-Francaise-de-la-Chambre-de-Commerce-et-Industrie-Franco-Islandaise-CCFRIS-AF.jpg","width":66,"height":84,"caption":"French Association of the Chamber of Commerce and Industry French-Icelandic - CCFRIS-AF"},"image":{"@id":"https:\/\/ccfris-af.org\/en\/#\/schema\/logo\/image\/"},"sameAs":["https:\/\/www.facebook.com\/CCFRIS","https:\/\/fr.linkedin.com\/company\/fris-chambre-de-commerce-franco-islandaise-en-france"]},{"@type":"Person","@id":"https:\/\/ccfris-af.org\/en\/#\/schema\/person\/1bd85f34bc7fab90d5ba63ac7b4627f8","name":"Julien Barbat","image":{"@type":"ImageObject","inLanguage":"en-GB","@id":"https:\/\/ccfris-af.org\/en\/#\/schema\/person\/image\/","url":"https:\/\/secure.gravatar.com\/avatar\/1dfbac3f714644665423810343f35a0f?s=96&d=mm&r=g","contentUrl":"https:\/\/secure.gravatar.com\/avatar\/1dfbac3f714644665423810343f35a0f?s=96&d=mm&r=g","caption":"Julien Barbat"},"sameAs":["https:\/\/julienbarbat.com"]}]}},"_links":{"self":[{"href":"https:\/\/ccfris-af.org\/en\/wp-json\/wp\/v2\/posts\/63"}],"collection":[{"href":"https:\/\/ccfris-af.org\/en\/wp-json\/wp\/v2\/posts"}],"about":[{"href":"https:\/\/ccfris-af.org\/en\/wp-json\/wp\/v2\/types\/post"}],"author":[{"embeddable":true,"href":"https:\/\/ccfris-af.org\/en\/wp-json\/wp\/v2\/users\/1"}],"replies":[{"embeddable":true,"href":"https:\/\/ccfris-af.org\/en\/wp-json\/wp\/v2\/comments?post=63"}],"version-history":[{"count":1,"href":"https:\/\/ccfris-af.org\/en\/wp-json\/wp\/v2\/posts\/63\/revisions"}],"predecessor-version":[{"id":338,"href":"https:\/\/ccfris-af.org\/en\/wp-json\/wp\/v2\/posts\/63\/revisions\/338"}],"wp:featuredmedia":[{"embeddable":true,"href":"https:\/\/ccfris-af.org\/en\/wp-json\/wp\/v2\/media\/298"}],"wp:attachment":[{"href":"https:\/\/ccfris-af.org\/en\/wp-json\/wp\/v2\/media?parent=63"}],"wp:term":[{"taxonomy":"category","embeddable":true,"href":"https:\/\/ccfris-af.org\/en\/wp-json\/wp\/v2\/categories?post=63"},{"taxonomy":"post_tag","embeddable":true,"href":"https:\/\/ccfris-af.org\/en\/wp-json\/wp\/v2\/tags?post=63"}],"curies":[{"name":"wp","href":"https:\/\/api.w.org\/{rel}","templated":true}]}}