{"id":61,"date":"2022-06-03T10:34:54","date_gmt":"2022-06-03T08:34:54","guid":{"rendered":"https:\/\/ccfris-af.org\/en\/?p=61"},"modified":"2024-09-13T11:55:56","modified_gmt":"2024-09-13T09:55:56","slug":"book-award-2022","status":"publish","type":"post","link":"https:\/\/ccfris-af.org\/en\/book-award-2022\/","title":{"rendered":"Book Award 2022"},"content":{"rendered":"<p>[et_pb_section fb_built=&#8221;1&#8243; disabled_on=&#8221;off|off|off&#8221; admin_label=&#8221;Section&#8221; _builder_version=&#8221;4.27.0&#8243; _module_preset=&#8221;default&#8221; background_enable_color=&#8221;off&#8221; use_background_color_gradient=&#8221;on&#8221; background_color_gradient_stops=&#8221;rgba(0,51,153,0.4) 0%|rgba(0,51,153,0.3) 100%&#8221; background_color_gradient_overlays_image=&#8221;on&#8221; background_image=&#8221;https:\/\/ccfris-af.org\/wp-content\/uploads\/2024\/08\/Stokksnes-Islande-\u00a9-E.-Biard.jpg&#8221; module_alignment=&#8221;center&#8221; height=&#8221;350px&#8221; height_tablet=&#8221;350px&#8221; height_phone=&#8221;350px&#8221; height_last_edited=&#8221;on|phone&#8221; custom_padding=&#8221;||||false|false&#8221; locked=&#8221;off&#8221; global_colors_info=&#8221;{}&#8221;][et_pb_row column_structure=&#8221;3_4,1_4&#8243; _builder_version=&#8221;4.27.0&#8243; _module_preset=&#8221;default&#8221; width=&#8221;100%&#8221; module_alignment=&#8221;center&#8221; global_colors_info=&#8221;{}&#8221;][et_pb_column type=&#8221;3_4&#8243; _builder_version=&#8221;4.25.1&#8243; _module_preset=&#8221;default&#8221; global_colors_info=&#8221;{}&#8221;][et_pb_post_title author=&#8221;off&#8221; date_format=&#8221;j M, Y&#8221; categories=&#8221;off&#8221; comments=&#8221;off&#8221; featured_image=&#8221;off&#8221; admin_label=&#8221;Titre du post AUTOMATIQUE&#8221; _builder_version=&#8221;4.27.0&#8243; _module_preset=&#8221;default&#8221; title_font=&#8221;Libre Franklin|600|||||||&#8221; title_text_color=&#8221;#FFFFFF&#8221; title_font_size=&#8221;45px&#8221; meta_font=&#8221;|300|||||||&#8221; meta_text_color=&#8221;#FFFFFF&#8221; meta_font_size=&#8221;11px&#8221; title_text_align_tablet=&#8221;center&#8221; title_text_align_phone=&#8221;center&#8221; title_text_align_last_edited=&#8221;on|phone&#8221; title_font_size_tablet=&#8221;45px&#8221; title_font_size_phone=&#8221;32px&#8221; title_font_size_last_edited=&#8221;on|phone&#8221; meta_text_align_tablet=&#8221;center&#8221; meta_text_align_phone=&#8221;center&#8221; meta_text_align_last_edited=&#8221;on|tablet&#8221; global_colors_info=&#8221;{}&#8221;][\/et_pb_post_title][\/et_pb_column][et_pb_column type=&#8221;1_4&#8243; _builder_version=&#8221;4.25.1&#8243; _module_preset=&#8221;default&#8221; global_colors_info=&#8221;{}&#8221;][et_pb_button button_url=&#8221;@ET-DC@eyJkeW5hbWljIjp0cnVlLCJjb250ZW50IjoicG9zdF9saW5rX3VybF9wYWdlIiwic2V0dGluZ3MiOnsicG9zdF9pZCI6IjQzIn19@&#8221; button_text=&#8221;Back&#8221; button_alignment=&#8221;right&#8221; button_alignment_tablet=&#8221;right&#8221; button_alignment_phone=&#8221;center&#8221; button_alignment_last_edited=&#8221;on|phone&#8221; admin_label=&#8221;Bouton Retour&#8221; _builder_version=&#8221;4.27.0&#8243; _dynamic_attributes=&#8221;button_url&#8221; custom_button=&#8221;on&#8221; button_text_size=&#8221;14px&#8221; button_bg_color=&#8221;#cc3300&#8243; button_border_color=&#8221;#cc3300&#8243; button_border_radius=&#8221;0px&#8221; button_letter_spacing=&#8221;3px&#8221; button_font=&#8221;Libre Franklin|700||on|||||&#8221; button_icon=&#8221;&#x35;||divi||400&#8243; background_layout=&#8221;dark&#8221; custom_margin=&#8221;|||&#8221; custom_margin_tablet=&#8221;|1em|||false|false&#8221; custom_margin_phone=&#8221;|0px|||false|false&#8221; custom_margin_last_edited=&#8221;on|tablet&#8221; custom_padding=&#8221;20px|20px|20px|20px|true|true&#8221; custom_padding_tablet=&#8221;20px|20px|20px|20px|true|true&#8221; custom_padding_phone=&#8221;10px|10px|10px|10px|true|true&#8221; custom_padding_last_edited=&#8221;on|phone&#8221; animation_direction=&#8221;right&#8221; button_text_size_tablet=&#8221;14px&#8221; button_text_size_phone=&#8221;12px&#8221; button_text_size_last_edited=&#8221;on|tablet&#8221; box_shadow_style=&#8221;preset4&#8243; box_shadow_horizontal=&#8221;-15px&#8221; box_shadow_vertical=&#8221;-15px&#8221; box_shadow_spread=&#8221;-5px&#8221; box_shadow_color=&#8221;rgba(204,51,0,0.1)&#8221; locked=&#8221;off&#8221; global_colors_info=&#8221;{}&#8221; button_text_size__hover_enabled=&#8221;off&#8221; button_one_text_size__hover_enabled=&#8221;off&#8221; button_two_text_size__hover_enabled=&#8221;off&#8221; button_text_color__hover_enabled=&#8221;off&#8221; button_one_text_color__hover_enabled=&#8221;off&#8221; button_two_text_color__hover_enabled=&#8221;off&#8221; button_border_width__hover_enabled=&#8221;off&#8221; button_one_border_width__hover_enabled=&#8221;off&#8221; button_two_border_width__hover_enabled=&#8221;off&#8221; button_border_color__hover_enabled=&#8221;off&#8221; button_one_border_color__hover_enabled=&#8221;off&#8221; button_two_border_color__hover_enabled=&#8221;off&#8221; button_border_radius__hover_enabled=&#8221;off&#8221; button_one_border_radius__hover_enabled=&#8221;off&#8221; button_two_border_radius__hover_enabled=&#8221;off&#8221; button_letter_spacing__hover_enabled=&#8221;off&#8221; button_one_letter_spacing__hover_enabled=&#8221;off&#8221; button_two_letter_spacing__hover_enabled=&#8221;off&#8221; button_bg_color__hover_enabled=&#8221;off&#8221; button_one_bg_color__hover_enabled=&#8221;off&#8221; button_two_bg_color__hover_enabled=&#8221;off&#8221;][\/et_pb_button][\/et_pb_column][\/et_pb_row][\/et_pb_section][et_pb_section fb_built=&#8221;1&#8243; admin_label=&#8221;Project&#8221; _builder_version=&#8221;4.25.1&#8243; background_enable_image=&#8221;off&#8221; background_size=&#8221;initial&#8221; background_position=&#8221;top_center&#8221; custom_padding=&#8221;0em||||false|false&#8221; locked=&#8221;off&#8221; global_colors_info=&#8221;{}&#8221;][et_pb_row column_structure=&#8221;2_3,1_3&#8243; _builder_version=&#8221;4.24.3&#8243; background_image=&#8221;https:\/\/ccfris-af.org\/wp-content\/uploads\/2024\/04\/background-ccfris-blue.png&#8221; background_size=&#8221;contain&#8221; background_position=&#8221;bottom_center&#8221; custom_margin=&#8221;|||&#8221; custom_padding=&#8221;||||false|false&#8221; locked=&#8221;off&#8221; global_colors_info=&#8221;{}&#8221;][et_pb_column type=&#8221;2_3&#8243; _builder_version=&#8221;4.16&#8243; custom_padding=&#8221;|||&#8221; global_colors_info=&#8221;{}&#8221; custom_padding__hover=&#8221;|||&#8221;][et_pb_text admin_label=&#8221;Texte de l&#8217;article&#8221; _builder_version=&#8221;4.27.0&#8243; text_font=&#8221;||||||||&#8221; text_line_height=&#8221;1.8em&#8221; header_font=&#8221;Libre Franklin|600|||||||&#8221; header_font_size=&#8221;60px&#8221; header_line_height=&#8221;1.4em&#8221; text_orientation=&#8221;justified&#8221; header_font_size_tablet=&#8221;&#8221; header_font_size_phone=&#8221;32px&#8221; header_font_size_last_edited=&#8221;on|phone&#8221; global_colors_info=&#8221;{}&#8221;]Four nominees, all entrepreneurs who have written books, were selected by an independent and eclectic jury whose composition is as follows:<\/p>\n<ul>\n<li><strong>Sonia ARROUAS<\/strong><br \/>\nPresident of the Evry Commercial Court, President of the Conference of Consular Judges of France, woman committed to safeguarding businesses and the economy;<\/li>\n<li><strong>Christian de BOISSIEU<\/strong><br \/>\nMember of the Circle of Economists, former advisor to the Prime Minister, professor;<\/li>\n<li><strong>Jean-Marc DANIEL<\/strong><br \/>\nProfessor at ESCP, journalist at BFM Business, Les Echos, LCI;<\/li>\n<li><strong>Louis DESANGES<\/strong><br \/>\nPresident of Automobile Club de France;<\/li>\n<li><strong>Marie LEBEC<\/strong><br \/>\nMP &#8211; LREM MP and VP of the parliamentary group and now a Minister;<\/li>\n<li><strong>Audr\u00e9e MEVELLEC<\/strong><br \/>\nVice President Global Marketing Agent \u00ae, Development Manager EXP France;<\/li>\n<li><strong>Christian POYAU<\/strong><br \/>\nPresident of Micropole and co-president of Medef\u2019s Digital Transformation Commission.<\/li>\n<\/ul>\n<p>The jury selected:<\/p>\n<ul>\n<li><strong>S\u00e9bastien DE LAFOND &amp; Gilles LOCKHART<\/strong><br \/>\n\u201cIt\u2019s clear that you don\u2019t know anything about it!\u00a0\u00bb One sees you don\u2019t understand a thing \/ Editions Eyrolles;<\/li>\n<li><strong>Jean-Marc RUDELLE<\/strong><br \/>\n\u201cI was told this wastn\u2019 possible \/Editions Livre de Poche;<\/li>\n<li><strong>Marc SIMONCINI<\/strong><br \/>\n\u201cA Chosen Life\u201d I choose my life \/ Editions Grasset;<\/li>\n<li><strong>Patrice X. THIRY<\/strong><br \/>\n\u201cItinerary of a successful entrepreneur: The formidable story of an enormous collective success\u201d \/ A journey of a successful entrepreneur Storylab Editions.<\/li>\n<\/ul>\n<p>The winner was <strong>Jean-Baptiste RUDELLE<\/strong>. The reception of the Prize took place at the residence of the Ambassador of Iceland in Paris, Mrs. Unnur Orradottir RAMETTE.<br \/>\nThe prize was a trip to Iceland. An intensive day of meetings with the press, speeches at the University of Reykjavik, meetings with investment funds (Helga Valfells, Crowberry Capital Island), several start-ups, an Icelandic publisher \u00daa Matth\u00edasd\u00f3ttir from Forlagi\u00f0 Edition, a reception at the residence of the French ambassador Mr. Graham Paul. Day two was glacier climbing and a final swim in the brand new Sky Lagoon.[\/et_pb_text][et_pb_text disabled_on=&#8221;on|on|on&#8221; _builder_version=&#8221;4.24.3&#8243; _module_preset=&#8221;default&#8221; disabled=&#8221;on&#8221; global_colors_info=&#8221;{}&#8221;]<\/p>\n<p><iframe name=\"Ausha Podcast Player\" frameborder=\"0\" loading=\"lazy\" id=\"ausha-8MY3\" height=\"220\" style=\"border: none; width:100%; height:220px\" src=\"https:\/\/player.ausha.co\/?podcastId=1PYdmUjnN0NW&#038;v=3&#038;playerId=ausha-8MY3\"><\/iframe><script src=\"https:\/\/player.ausha.co\/ausha-player.js\"><\/script>\n<\/p>\n<p>[\/et_pb_text][\/et_pb_column][et_pb_column type=&#8221;1_3&#8243; _builder_version=&#8221;4.16&#8243; custom_padding=&#8221;|||&#8221; global_colors_info=&#8221;{}&#8221; custom_padding__hover=&#8221;|||&#8221;][et_pb_gallery gallery_ids=&#8221;330&#8243; fullwidth=&#8221;on&#8221; disabled_on=&#8221;on|on|on&#8221; _builder_version=&#8221;4.24.3&#8243; _module_preset=&#8221;default&#8221; background_layout=&#8221;dark&#8221; disabled=&#8221;on&#8221; global_colors_info=&#8221;{}&#8221;][\/et_pb_gallery][et_pb_image src=&#8221;https:\/\/ccfris-af.org\/wp-content\/uploads\/2024\/07\/BOOK-Photo-de-groupe-Ambassade.jpeg&#8221; alt=&#8221;BOOK-Photo de groupe Ambassade&#8221; title_text=&#8221;BOOK-Photo de groupe Ambassade&#8221; show_in_lightbox=&#8221;on&#8221; _builder_version=&#8221;4.27.0&#8243; _module_preset=&#8221;default&#8221; global_colors_info=&#8221;{}&#8221;][\/et_pb_image][et_pb_image src=&#8221;https:\/\/ccfris-af.org\/wp-content\/uploads\/2024\/07\/B00K-Attribution-du-Prix-2022.jpg&#8221; alt=&#8221;B00K-Attribution du Prix 2022&#8243; title_text=&#8221;B00K-Attribution du Prix 2022&#8243; show_in_lightbox=&#8221;on&#8221; _builder_version=&#8221;4.27.0&#8243; _module_preset=&#8221;default&#8221; global_colors_info=&#8221;{}&#8221;][\/et_pb_image][et_pb_gallery gallery_ids=&#8221;235,236,237,238,239,240,241,242,243,244&#8243; posts_number=&#8221;3&#8243; show_title_and_caption=&#8221;off&#8221; disabled_on=&#8221;on|on|on&#8221; _builder_version=&#8221;4.24.3&#8243; _module_preset=&#8221;default&#8221; custom_margin=&#8221;||||false|false&#8221; custom_padding=&#8221;||||true|false&#8221; disabled=&#8221;on&#8221; global_colors_info=&#8221;{}&#8221;][\/et_pb_gallery][\/et_pb_column][\/et_pb_row][et_pb_row admin_label=&#8221;Ligne&#8221; _builder_version=&#8221;4.16&#8243; module_alignment=&#8221;right&#8221; custom_padding=&#8221;30px|0px|0|0px|false|false&#8221; locked=&#8221;off&#8221; global_colors_info=&#8221;{}&#8221;][et_pb_column type=&#8221;4_4&#8243; _builder_version=&#8221;4.16&#8243; custom_padding=&#8221;|||&#8221; global_colors_info=&#8221;{}&#8221; custom_padding__hover=&#8221;|||&#8221;][et_pb_button button_url=&#8221;@ET-DC@eyJkeW5hbWljIjp0cnVlLCJjb250ZW50IjoicG9zdF9saW5rX3VybF9wYWdlIiwic2V0dGluZ3MiOnsicG9zdF9pZCI6IjQzIn19@&#8221; button_text=&#8221;Other CCFRIS-AF news&#8221; button_alignment=&#8221;right&#8221; _builder_version=&#8221;4.27.0&#8243; _dynamic_attributes=&#8221;button_url&#8221; custom_button=&#8221;on&#8221; button_text_size=&#8221;14px&#8221; button_bg_color=&#8221;#003399&#8243; button_border_color=&#8221;#003399&#8243; button_border_radius=&#8221;0px&#8221; button_letter_spacing=&#8221;3px&#8221; button_font=&#8221;Libre Franklin|700||on|||||&#8221; button_icon=&#8221;&#x35;||divi||400&#8243; button_on_hover=&#8221;off&#8221; background_layout=&#8221;dark&#8221; custom_margin=&#8221;|||&#8221; custom_padding=&#8221;30px|70px|30px|70px|true|true&#8221; custom_padding_tablet=&#8221;30px|70px|30px|70px|true|true&#8221; custom_padding_phone=&#8221;10px|10px|10px|10px|true|true&#8221; custom_padding_last_edited=&#8221;on|phone&#8221; animation_style=&#8221;fold&#8221; animation_direction=&#8221;right&#8221; button_text_size_tablet=&#8221;14px&#8221; button_text_size_phone=&#8221;12px&#8221; button_text_size_last_edited=&#8221;on|phone&#8221; box_shadow_style=&#8221;preset4&#8243; box_shadow_horizontal=&#8221;-30px&#8221; box_shadow_vertical=&#8221;-30px&#8221; box_shadow_spread=&#8221;-10px&#8221; box_shadow_color=&#8221;rgba(0,51,153,0.1)&#8221; global_colors_info=&#8221;{}&#8221; button_text_size__hover_enabled=&#8221;off&#8221; button_one_text_size__hover_enabled=&#8221;off&#8221; button_two_text_size__hover_enabled=&#8221;off&#8221; button_text_color__hover_enabled=&#8221;off&#8221; button_one_text_color__hover_enabled=&#8221;off&#8221; button_two_text_color__hover_enabled=&#8221;off&#8221; button_border_width__hover_enabled=&#8221;off&#8221; button_one_border_width__hover_enabled=&#8221;off&#8221; button_two_border_width__hover_enabled=&#8221;off&#8221; button_border_color__hover_enabled=&#8221;off&#8221; button_one_border_color__hover_enabled=&#8221;off&#8221; button_two_border_color__hover_enabled=&#8221;off&#8221; button_border_radius__hover_enabled=&#8221;off&#8221; button_one_border_radius__hover_enabled=&#8221;off&#8221; button_two_border_radius__hover_enabled=&#8221;off&#8221; button_letter_spacing__hover_enabled=&#8221;off&#8221; button_one_letter_spacing__hover_enabled=&#8221;off&#8221; button_two_letter_spacing__hover_enabled=&#8221;off&#8221; button_bg_color__hover_enabled=&#8221;off&#8221; button_one_bg_color__hover_enabled=&#8221;off&#8221; button_two_bg_color__hover_enabled=&#8221;off&#8221;][\/et_pb_button][\/et_pb_column][\/et_pb_row][\/et_pb_section]<\/p>\n","protected":false},"excerpt":{"rendered":"<p>Four nominees, all entrepreneurs who have written books, were selected by an independent and eclectic jury whose composition is as follows: Sonia ARROUAS President of the Evry Commercial Court, President of the Conference of Consular Judges of France, woman committed to safeguarding businesses and the economy; Christian de BOISSIEU Member of the Circle of Economists, [&hellip;]<\/p>\n","protected":false},"author":1,"featured_media":211,"comment_status":"closed","ping_status":"open","sticky":false,"template":"","format":"standard","meta":{"_et_pb_use_builder":"on","_et_pb_old_content":"","_et_gb_content_width":"","footnotes":""},"categories":[5],"tags":[],"class_list":["post-61","post","type-post","status-publish","format-standard","has-post-thumbnail","hentry","category-year-2022"],"yoast_head":"<!-- This site is optimized with the Yoast SEO plugin v23.9 - https:\/\/yoast.com\/wordpress\/plugins\/seo\/ -->\n<title>Book Award 2022 - French Association of the French-Icelandic Chamber of Commerce and Industry - CCFRIS-AF<\/title>\n<meta name=\"description\" content=\"Four nominees, all entrepreneurs who have written books, were selected by an independent and eclectic jury.\" \/>\n<meta name=\"robots\" content=\"index, follow, max-snippet:-1, max-image-preview:large, max-video-preview:-1\" \/>\n<link rel=\"canonical\" href=\"https:\/\/ccfris-af.org\/en\/book-award-2022\/\" \/>\n<meta property=\"og:locale\" content=\"en_GB\" \/>\n<meta property=\"og:type\" content=\"article\" \/>\n<meta property=\"og:title\" content=\"Book Award 2022 - French Association of the French-Icelandic Chamber of Commerce and Industry - CCFRIS-AF\" \/>\n<meta property=\"og:description\" content=\"Four nominees, all entrepreneurs who have written books, were selected by an independent and eclectic jury.\" \/>\n<meta property=\"og:url\" content=\"https:\/\/ccfris-af.org\/en\/book-award-2022\/\" \/>\n<meta property=\"og:site_name\" content=\"French Association of the French-Icelandic Chamber of Commerce and Industry - CCFRIS-AF\" \/>\n<meta property=\"article:publisher\" content=\"https:\/\/www.facebook.com\/CCFRIS\" \/>\n<meta property=\"article:published_time\" content=\"2022-06-03T08:34:54+00:00\" \/>\n<meta property=\"article:modified_time\" content=\"2024-09-13T09:55:56+00:00\" \/>\n<meta property=\"og:image\" content=\"https:\/\/ccfris-af.org\/en\/wp-content\/uploads\/sites\/2\/2024\/08\/B00K-Attribution-du-Prix-2022.jpg\" \/>\n\t<meta property=\"og:image:width\" content=\"900\" \/>\n\t<meta property=\"og:image:height\" content=\"675\" \/>\n\t<meta property=\"og:image:type\" content=\"image\/jpeg\" \/>\n<meta name=\"author\" content=\"Julien Barbat\" \/>\n<meta name=\"twitter:card\" content=\"summary_large_image\" \/>\n<meta name=\"twitter:label1\" content=\"Written by\" \/>\n\t<meta name=\"twitter:data1\" content=\"Julien Barbat\" \/>\n\t<meta name=\"twitter:label2\" content=\"Estimated reading time\" \/>\n\t<meta name=\"twitter:data2\" content=\"2 minutes\" \/>\n<script type=\"application\/ld+json\" class=\"yoast-schema-graph\">{\"@context\":\"https:\/\/schema.org\",\"@graph\":[{\"@type\":\"Article\",\"@id\":\"https:\/\/ccfris-af.org\/en\/book-award-2022\/#article\",\"isPartOf\":{\"@id\":\"https:\/\/ccfris-af.org\/en\/book-award-2022\/\"},\"author\":{\"name\":\"Julien Barbat\",\"@id\":\"https:\/\/ccfris-af.org\/en\/#\/schema\/person\/1bd85f34bc7fab90d5ba63ac7b4627f8\"},\"headline\":\"Book Award 2022\",\"datePublished\":\"2022-06-03T08:34:54+00:00\",\"dateModified\":\"2024-09-13T09:55:56+00:00\",\"mainEntityOfPage\":{\"@id\":\"https:\/\/ccfris-af.org\/en\/book-award-2022\/\"},\"wordCount\":1528,\"publisher\":{\"@id\":\"https:\/\/ccfris-af.org\/en\/#organization\"},\"image\":{\"@id\":\"https:\/\/ccfris-af.org\/en\/book-award-2022\/#primaryimage\"},\"thumbnailUrl\":\"https:\/\/ccfris-af.org\/en\/wp-content\/uploads\/sites\/2\/2024\/08\/B00K-Attribution-du-Prix-2022.jpg\",\"articleSection\":[\"Year 2022\"],\"inLanguage\":\"en-GB\"},{\"@type\":\"WebPage\",\"@id\":\"https:\/\/ccfris-af.org\/en\/book-award-2022\/\",\"url\":\"https:\/\/ccfris-af.org\/en\/book-award-2022\/\",\"name\":\"Book Award 2022 - French Association of the French-Icelandic Chamber of Commerce and Industry - CCFRIS-AF\",\"isPartOf\":{\"@id\":\"https:\/\/ccfris-af.org\/en\/#website\"},\"primaryImageOfPage\":{\"@id\":\"https:\/\/ccfris-af.org\/en\/book-award-2022\/#primaryimage\"},\"image\":{\"@id\":\"https:\/\/ccfris-af.org\/en\/book-award-2022\/#primaryimage\"},\"thumbnailUrl\":\"https:\/\/ccfris-af.org\/en\/wp-content\/uploads\/sites\/2\/2024\/08\/B00K-Attribution-du-Prix-2022.jpg\",\"datePublished\":\"2022-06-03T08:34:54+00:00\",\"dateModified\":\"2024-09-13T09:55:56+00:00\",\"description\":\"Four nominees, all entrepreneurs who have written books, were selected by an independent and eclectic jury.\",\"breadcrumb\":{\"@id\":\"https:\/\/ccfris-af.org\/en\/book-award-2022\/#breadcrumb\"},\"inLanguage\":\"en-GB\",\"potentialAction\":[{\"@type\":\"ReadAction\",\"target\":[\"https:\/\/ccfris-af.org\/en\/book-award-2022\/\"]}]},{\"@type\":\"ImageObject\",\"inLanguage\":\"en-GB\",\"@id\":\"https:\/\/ccfris-af.org\/en\/book-award-2022\/#primaryimage\",\"url\":\"https:\/\/ccfris-af.org\/en\/wp-content\/uploads\/sites\/2\/2024\/08\/B00K-Attribution-du-Prix-2022.jpg\",\"contentUrl\":\"https:\/\/ccfris-af.org\/en\/wp-content\/uploads\/sites\/2\/2024\/08\/B00K-Attribution-du-Prix-2022.jpg\",\"width\":900,\"height\":675},{\"@type\":\"BreadcrumbList\",\"@id\":\"https:\/\/ccfris-af.org\/en\/book-award-2022\/#breadcrumb\",\"itemListElement\":[{\"@type\":\"ListItem\",\"position\":1,\"name\":\"Accueil\",\"item\":\"https:\/\/ccfris-af.org\/en\/\"},{\"@type\":\"ListItem\",\"position\":2,\"name\":\"Book Award 2022\"}]},{\"@type\":\"WebSite\",\"@id\":\"https:\/\/ccfris-af.org\/en\/#website\",\"url\":\"https:\/\/ccfris-af.org\/en\/\",\"name\":\"French Association of the Chamber of Commerce and Industry French-Icelandic - CCFRIS-AF\",\"description\":\"\",\"publisher\":{\"@id\":\"https:\/\/ccfris-af.org\/en\/#organization\"},\"potentialAction\":[{\"@type\":\"SearchAction\",\"target\":{\"@type\":\"EntryPoint\",\"urlTemplate\":\"https:\/\/ccfris-af.org\/en\/?s={search_term_string}\"},\"query-input\":{\"@type\":\"PropertyValueSpecification\",\"valueRequired\":true,\"valueName\":\"search_term_string\"}}],\"inLanguage\":\"en-GB\"},{\"@type\":\"Organization\",\"@id\":\"https:\/\/ccfris-af.org\/en\/#organization\",\"name\":\"French Association of the Chamber of Commerce and Industry French-Icelandic - CCFRIS-AF\",\"url\":\"https:\/\/ccfris-af.org\/en\/\",\"logo\":{\"@type\":\"ImageObject\",\"inLanguage\":\"en-GB\",\"@id\":\"https:\/\/ccfris-af.org\/en\/#\/schema\/logo\/image\/\",\"url\":\"https:\/\/ccfris-af.org\/en\/wp-content\/uploads\/sites\/2\/2024\/09\/Logo-Association-Francaise-de-la-Chambre-de-Commerce-et-Industrie-Franco-Islandaise-CCFRIS-AF.jpg\",\"contentUrl\":\"https:\/\/ccfris-af.org\/en\/wp-content\/uploads\/sites\/2\/2024\/09\/Logo-Association-Francaise-de-la-Chambre-de-Commerce-et-Industrie-Franco-Islandaise-CCFRIS-AF.jpg\",\"width\":66,\"height\":84,\"caption\":\"French Association of the Chamber of Commerce and Industry French-Icelandic - CCFRIS-AF\"},\"image\":{\"@id\":\"https:\/\/ccfris-af.org\/en\/#\/schema\/logo\/image\/\"},\"sameAs\":[\"https:\/\/www.facebook.com\/CCFRIS\",\"https:\/\/fr.linkedin.com\/company\/fris-chambre-de-commerce-franco-islandaise-en-france\"]},{\"@type\":\"Person\",\"@id\":\"https:\/\/ccfris-af.org\/en\/#\/schema\/person\/1bd85f34bc7fab90d5ba63ac7b4627f8\",\"name\":\"Julien Barbat\",\"image\":{\"@type\":\"ImageObject\",\"inLanguage\":\"en-GB\",\"@id\":\"https:\/\/ccfris-af.org\/en\/#\/schema\/person\/image\/\",\"url\":\"https:\/\/secure.gravatar.com\/avatar\/1dfbac3f714644665423810343f35a0f?s=96&d=mm&r=g\",\"contentUrl\":\"https:\/\/secure.gravatar.com\/avatar\/1dfbac3f714644665423810343f35a0f?s=96&d=mm&r=g\",\"caption\":\"Julien Barbat\"},\"sameAs\":[\"https:\/\/julienbarbat.com\"]}]}<\/script>\n<!-- \/ Yoast SEO plugin. -->","yoast_head_json":{"title":"Book Award 2022 - French Association of the French-Icelandic Chamber of Commerce and Industry - CCFRIS-AF","description":"Four nominees, all entrepreneurs who have written books, were selected by an independent and eclectic jury.","robots":{"index":"index","follow":"follow","max-snippet":"max-snippet:-1","max-image-preview":"max-image-preview:large","max-video-preview":"max-video-preview:-1"},"canonical":"https:\/\/ccfris-af.org\/en\/book-award-2022\/","og_locale":"en_GB","og_type":"article","og_title":"Book Award 2022 - French Association of the French-Icelandic Chamber of Commerce and Industry - CCFRIS-AF","og_description":"Four nominees, all entrepreneurs who have written books, were selected by an independent and eclectic jury.","og_url":"https:\/\/ccfris-af.org\/en\/book-award-2022\/","og_site_name":"French Association of the French-Icelandic Chamber of Commerce and Industry - CCFRIS-AF","article_publisher":"https:\/\/www.facebook.com\/CCFRIS","article_published_time":"2022-06-03T08:34:54+00:00","article_modified_time":"2024-09-13T09:55:56+00:00","og_image":[{"width":900,"height":675,"url":"https:\/\/ccfris-af.org\/en\/wp-content\/uploads\/sites\/2\/2024\/08\/B00K-Attribution-du-Prix-2022.jpg","type":"image\/jpeg"}],"author":"Julien Barbat","twitter_card":"summary_large_image","twitter_misc":{"Written by":"Julien Barbat","Estimated reading time":"2 minutes"},"schema":{"@context":"https:\/\/schema.org","@graph":[{"@type":"Article","@id":"https:\/\/ccfris-af.org\/en\/book-award-2022\/#article","isPartOf":{"@id":"https:\/\/ccfris-af.org\/en\/book-award-2022\/"},"author":{"name":"Julien Barbat","@id":"https:\/\/ccfris-af.org\/en\/#\/schema\/person\/1bd85f34bc7fab90d5ba63ac7b4627f8"},"headline":"Book Award 2022","datePublished":"2022-06-03T08:34:54+00:00","dateModified":"2024-09-13T09:55:56+00:00","mainEntityOfPage":{"@id":"https:\/\/ccfris-af.org\/en\/book-award-2022\/"},"wordCount":1528,"publisher":{"@id":"https:\/\/ccfris-af.org\/en\/#organization"},"image":{"@id":"https:\/\/ccfris-af.org\/en\/book-award-2022\/#primaryimage"},"thumbnailUrl":"https:\/\/ccfris-af.org\/en\/wp-content\/uploads\/sites\/2\/2024\/08\/B00K-Attribution-du-Prix-2022.jpg","articleSection":["Year 2022"],"inLanguage":"en-GB"},{"@type":"WebPage","@id":"https:\/\/ccfris-af.org\/en\/book-award-2022\/","url":"https:\/\/ccfris-af.org\/en\/book-award-2022\/","name":"Book Award 2022 - French Association of the French-Icelandic Chamber of Commerce and Industry - CCFRIS-AF","isPartOf":{"@id":"https:\/\/ccfris-af.org\/en\/#website"},"primaryImageOfPage":{"@id":"https:\/\/ccfris-af.org\/en\/book-award-2022\/#primaryimage"},"image":{"@id":"https:\/\/ccfris-af.org\/en\/book-award-2022\/#primaryimage"},"thumbnailUrl":"https:\/\/ccfris-af.org\/en\/wp-content\/uploads\/sites\/2\/2024\/08\/B00K-Attribution-du-Prix-2022.jpg","datePublished":"2022-06-03T08:34:54+00:00","dateModified":"2024-09-13T09:55:56+00:00","description":"Four nominees, all entrepreneurs who have written books, were selected by an independent and eclectic jury.","breadcrumb":{"@id":"https:\/\/ccfris-af.org\/en\/book-award-2022\/#breadcrumb"},"inLanguage":"en-GB","potentialAction":[{"@type":"ReadAction","target":["https:\/\/ccfris-af.org\/en\/book-award-2022\/"]}]},{"@type":"ImageObject","inLanguage":"en-GB","@id":"https:\/\/ccfris-af.org\/en\/book-award-2022\/#primaryimage","url":"https:\/\/ccfris-af.org\/en\/wp-content\/uploads\/sites\/2\/2024\/08\/B00K-Attribution-du-Prix-2022.jpg","contentUrl":"https:\/\/ccfris-af.org\/en\/wp-content\/uploads\/sites\/2\/2024\/08\/B00K-Attribution-du-Prix-2022.jpg","width":900,"height":675},{"@type":"BreadcrumbList","@id":"https:\/\/ccfris-af.org\/en\/book-award-2022\/#breadcrumb","itemListElement":[{"@type":"ListItem","position":1,"name":"Accueil","item":"https:\/\/ccfris-af.org\/en\/"},{"@type":"ListItem","position":2,"name":"Book Award 2022"}]},{"@type":"WebSite","@id":"https:\/\/ccfris-af.org\/en\/#website","url":"https:\/\/ccfris-af.org\/en\/","name":"French Association of the Chamber of Commerce and Industry French-Icelandic - CCFRIS-AF","description":"","publisher":{"@id":"https:\/\/ccfris-af.org\/en\/#organization"},"potentialAction":[{"@type":"SearchAction","target":{"@type":"EntryPoint","urlTemplate":"https:\/\/ccfris-af.org\/en\/?s={search_term_string}"},"query-input":{"@type":"PropertyValueSpecification","valueRequired":true,"valueName":"search_term_string"}}],"inLanguage":"en-GB"},{"@type":"Organization","@id":"https:\/\/ccfris-af.org\/en\/#organization","name":"French Association of the Chamber of Commerce and Industry French-Icelandic - CCFRIS-AF","url":"https:\/\/ccfris-af.org\/en\/","logo":{"@type":"ImageObject","inLanguage":"en-GB","@id":"https:\/\/ccfris-af.org\/en\/#\/schema\/logo\/image\/","url":"https:\/\/ccfris-af.org\/en\/wp-content\/uploads\/sites\/2\/2024\/09\/Logo-Association-Francaise-de-la-Chambre-de-Commerce-et-Industrie-Franco-Islandaise-CCFRIS-AF.jpg","contentUrl":"https:\/\/ccfris-af.org\/en\/wp-content\/uploads\/sites\/2\/2024\/09\/Logo-Association-Francaise-de-la-Chambre-de-Commerce-et-Industrie-Franco-Islandaise-CCFRIS-AF.jpg","width":66,"height":84,"caption":"French Association of the Chamber of Commerce and Industry French-Icelandic - CCFRIS-AF"},"image":{"@id":"https:\/\/ccfris-af.org\/en\/#\/schema\/logo\/image\/"},"sameAs":["https:\/\/www.facebook.com\/CCFRIS","https:\/\/fr.linkedin.com\/company\/fris-chambre-de-commerce-franco-islandaise-en-france"]},{"@type":"Person","@id":"https:\/\/ccfris-af.org\/en\/#\/schema\/person\/1bd85f34bc7fab90d5ba63ac7b4627f8","name":"Julien Barbat","image":{"@type":"ImageObject","inLanguage":"en-GB","@id":"https:\/\/ccfris-af.org\/en\/#\/schema\/person\/image\/","url":"https:\/\/secure.gravatar.com\/avatar\/1dfbac3f714644665423810343f35a0f?s=96&d=mm&r=g","contentUrl":"https:\/\/secure.gravatar.com\/avatar\/1dfbac3f714644665423810343f35a0f?s=96&d=mm&r=g","caption":"Julien Barbat"},"sameAs":["https:\/\/julienbarbat.com"]}]}},"_links":{"self":[{"href":"https:\/\/ccfris-af.org\/en\/wp-json\/wp\/v2\/posts\/61"}],"collection":[{"href":"https:\/\/ccfris-af.org\/en\/wp-json\/wp\/v2\/posts"}],"about":[{"href":"https:\/\/ccfris-af.org\/en\/wp-json\/wp\/v2\/types\/post"}],"author":[{"embeddable":true,"href":"https:\/\/ccfris-af.org\/en\/wp-json\/wp\/v2\/users\/1"}],"replies":[{"embeddable":true,"href":"https:\/\/ccfris-af.org\/en\/wp-json\/wp\/v2\/comments?post=61"}],"version-history":[{"count":0,"href":"https:\/\/ccfris-af.org\/en\/wp-json\/wp\/v2\/posts\/61\/revisions"}],"wp:featuredmedia":[{"embeddable":true,"href":"https:\/\/ccfris-af.org\/en\/wp-json\/wp\/v2\/media\/211"}],"wp:attachment":[{"href":"https:\/\/ccfris-af.org\/en\/wp-json\/wp\/v2\/media?parent=61"}],"wp:term":[{"taxonomy":"category","embeddable":true,"href":"https:\/\/ccfris-af.org\/en\/wp-json\/wp\/v2\/categories?post=61"},{"taxonomy":"post_tag","embeddable":true,"href":"https:\/\/ccfris-af.org\/en\/wp-json\/wp\/v2\/tags?post=61"}],"curies":[{"name":"wp","href":"https:\/\/api.w.org\/{rel}","templated":true}]}}