{"id":57,"date":"2024-03-20T10:33:55","date_gmt":"2024-03-20T09:33:55","guid":{"rendered":"https:\/\/ccfris-af.org\/en\/?p=57"},"modified":"2024-10-29T14:56:15","modified_gmt":"2024-10-29T13:56:15","slug":"intervention-during-mipim-in-cannes","status":"publish","type":"post","link":"https:\/\/ccfris-af.org\/en\/intervention-during-mipim-in-cannes\/","title":{"rendered":"Intervention during MIPIM in Cannes"},"content":{"rendered":"<p>[et_pb_section fb_built=&#8221;1&#8243; disabled_on=&#8221;off|off|off&#8221; admin_label=&#8221;Section&#8221; _builder_version=&#8221;4.27.0&#8243; _module_preset=&#8221;default&#8221; background_enable_color=&#8221;off&#8221; use_background_color_gradient=&#8221;on&#8221; background_color_gradient_stops=&#8221;rgba(0,51,153,0.4) 0%|rgba(0,51,153,0.3) 100%&#8221; background_color_gradient_overlays_image=&#8221;on&#8221; background_image=&#8221;https:\/\/ccfris-af.org\/wp-content\/uploads\/2024\/08\/Stokksnes-Islande-\u00a9-E.-Biard.jpg&#8221; module_alignment=&#8221;center&#8221; height=&#8221;350px&#8221; height_tablet=&#8221;350px&#8221; height_phone=&#8221;350px&#8221; height_last_edited=&#8221;on|phone&#8221; custom_padding=&#8221;||||false|false&#8221; locked=&#8221;off&#8221; global_colors_info=&#8221;{}&#8221;][et_pb_row column_structure=&#8221;3_4,1_4&#8243; _builder_version=&#8221;4.27.0&#8243; _module_preset=&#8221;default&#8221; width=&#8221;100%&#8221; module_alignment=&#8221;center&#8221; global_colors_info=&#8221;{}&#8221;][et_pb_column type=&#8221;3_4&#8243; _builder_version=&#8221;4.25.1&#8243; _module_preset=&#8221;default&#8221; global_colors_info=&#8221;{}&#8221;][et_pb_post_title author=&#8221;off&#8221; date_format=&#8221;j M, Y&#8221; categories=&#8221;off&#8221; comments=&#8221;off&#8221; featured_image=&#8221;off&#8221; admin_label=&#8221;Titre du post AUTOMATIQUE&#8221; _builder_version=&#8221;4.27.0&#8243; _module_preset=&#8221;default&#8221; title_font=&#8221;Libre Franklin|600|||||||&#8221; title_text_color=&#8221;#FFFFFF&#8221; title_font_size=&#8221;45px&#8221; meta_font=&#8221;|300|||||||&#8221; meta_text_color=&#8221;#FFFFFF&#8221; meta_font_size=&#8221;11px&#8221; title_text_align_tablet=&#8221;center&#8221; title_text_align_phone=&#8221;center&#8221; title_text_align_last_edited=&#8221;on|tablet&#8221; title_font_size_tablet=&#8221;35px&#8221; title_font_size_phone=&#8221;32px&#8221; title_font_size_last_edited=&#8221;on|phone&#8221; meta_text_align_tablet=&#8221;center&#8221; meta_text_align_phone=&#8221;center&#8221; meta_text_align_last_edited=&#8221;on|tablet&#8221; global_colors_info=&#8221;{}&#8221;][\/et_pb_post_title][\/et_pb_column][et_pb_column type=&#8221;1_4&#8243; _builder_version=&#8221;4.25.1&#8243; _module_preset=&#8221;default&#8221; global_colors_info=&#8221;{}&#8221;][et_pb_button button_url=&#8221;@ET-DC@eyJkeW5hbWljIjp0cnVlLCJjb250ZW50IjoicG9zdF9saW5rX3VybF9wYWdlIiwic2V0dGluZ3MiOnsicG9zdF9pZCI6IjQzIn19@&#8221; button_text=&#8221;Back&#8221; button_alignment=&#8221;right&#8221; button_alignment_tablet=&#8221;right&#8221; button_alignment_phone=&#8221;center&#8221; button_alignment_last_edited=&#8221;on|phone&#8221; admin_label=&#8221;Bouton Retour&#8221; _builder_version=&#8221;4.27.0&#8243; _dynamic_attributes=&#8221;button_url&#8221; custom_button=&#8221;on&#8221; button_text_size=&#8221;14px&#8221; button_bg_color=&#8221;#cc3300&#8243; button_border_color=&#8221;#cc3300&#8243; button_border_radius=&#8221;0px&#8221; button_letter_spacing=&#8221;3px&#8221; button_font=&#8221;Libre Franklin|700||on|||||&#8221; button_icon=&#8221;&#x35;||divi||400&#8243; background_layout=&#8221;dark&#8221; custom_margin=&#8221;|||&#8221; custom_margin_tablet=&#8221;|1em|||false|false&#8221; custom_margin_phone=&#8221;|0em|||false|false&#8221; custom_margin_last_edited=&#8221;on|phone&#8221; custom_padding=&#8221;20px|20px|20px|20px|true|true&#8221; custom_padding_tablet=&#8221;20px|20px|20px|20px|true|true&#8221; custom_padding_phone=&#8221;10px|10px|10px|10px|true|true&#8221; custom_padding_last_edited=&#8221;on|phone&#8221; animation_direction=&#8221;right&#8221; button_text_size_tablet=&#8221;14px&#8221; button_text_size_phone=&#8221;12px&#8221; button_text_size_last_edited=&#8221;on|tablet&#8221; box_shadow_style=&#8221;preset4&#8243; box_shadow_horizontal=&#8221;-15px&#8221; box_shadow_vertical=&#8221;-15px&#8221; box_shadow_spread=&#8221;-5px&#8221; box_shadow_color=&#8221;rgba(204,51,0,0.1)&#8221; locked=&#8221;off&#8221; global_colors_info=&#8221;{}&#8221; button_text_size__hover_enabled=&#8221;off&#8221; button_one_text_size__hover_enabled=&#8221;off&#8221; button_two_text_size__hover_enabled=&#8221;off&#8221; button_text_color__hover_enabled=&#8221;off&#8221; button_one_text_color__hover_enabled=&#8221;off&#8221; button_two_text_color__hover_enabled=&#8221;off&#8221; button_border_width__hover_enabled=&#8221;off&#8221; button_one_border_width__hover_enabled=&#8221;off&#8221; button_two_border_width__hover_enabled=&#8221;off&#8221; button_border_color__hover_enabled=&#8221;off&#8221; button_one_border_color__hover_enabled=&#8221;off&#8221; button_two_border_color__hover_enabled=&#8221;off&#8221; button_border_radius__hover_enabled=&#8221;off&#8221; button_one_border_radius__hover_enabled=&#8221;off&#8221; button_two_border_radius__hover_enabled=&#8221;off&#8221; button_letter_spacing__hover_enabled=&#8221;off&#8221; button_one_letter_spacing__hover_enabled=&#8221;off&#8221; button_two_letter_spacing__hover_enabled=&#8221;off&#8221; button_bg_color__hover_enabled=&#8221;off&#8221; button_one_bg_color__hover_enabled=&#8221;off&#8221; button_two_bg_color__hover_enabled=&#8221;off&#8221;][\/et_pb_button][\/et_pb_column][\/et_pb_row][\/et_pb_section][et_pb_section fb_built=&#8221;1&#8243; admin_label=&#8221;Project&#8221; _builder_version=&#8221;4.24.3&#8243; background_enable_image=&#8221;off&#8221; background_size=&#8221;initial&#8221; background_position=&#8221;top_center&#8221; custom_padding=&#8221;0em||||false|false&#8221; locked=&#8221;off&#8221; global_colors_info=&#8221;{}&#8221;][et_pb_row column_structure=&#8221;2_3,1_3&#8243; _builder_version=&#8221;4.24.3&#8243; background_image=&#8221;https:\/\/ccfris-af.org\/wp-content\/uploads\/2024\/04\/background-ccfris-blue.png&#8221; background_size=&#8221;contain&#8221; background_position=&#8221;bottom_center&#8221; custom_margin=&#8221;|||&#8221; custom_padding=&#8221;||||false|false&#8221; locked=&#8221;off&#8221; global_colors_info=&#8221;{}&#8221;][et_pb_column type=&#8221;2_3&#8243; _builder_version=&#8221;4.16&#8243; custom_padding=&#8221;|||&#8221; global_colors_info=&#8221;{}&#8221; custom_padding__hover=&#8221;|||&#8221;][et_pb_text admin_label=&#8221;Texte de l&#8217;article&#8221; _builder_version=&#8221;4.27.0&#8243; text_font=&#8221;||||||||&#8221; text_line_height=&#8221;1.8em&#8221; header_font=&#8221;Libre Franklin|600|||||||&#8221; header_font_size=&#8221;60px&#8221; header_line_height=&#8221;1.4em&#8221; text_orientation=&#8221;justified&#8221; header_font_size_tablet=&#8221;&#8221; header_font_size_phone=&#8221;32px&#8221; header_font_size_last_edited=&#8221;on|phone&#8221; global_colors_info=&#8221;{}&#8221;]Three hours by plane from France, Iceland hopes to attract French investors to this Nordic country with magnificent landscapes.<br \/>\nThe Franco-Icelandic Chamber organized an intervention during MIPIM (international real estate exhibition, 22,000 participants) which took place in Cannes from March 12 to 15, 2024, as part of Islandstofan&#8217;s visit.<\/p>\n<p>The Icelandic delegation was composed of:<\/p>\n<ul>\n<li>P\u00e1ll Baldursson and Ur\u00f0ur Gunnarsd\u00f3ttir for Austurbr\u00fa;<\/li>\n<li>Porsteinn Hermannson for Betri samg\u00f6ngur;<\/li>\n<li>Sverrir Thor and Linda Lagerdahl for Fraga Lou;<\/li>\n<li>Patrick Sigurdsson for Fransk-islenska vi\u00f0skiptar\u00e1\u00f0i\u00f0;<\/li>\n<li>\u00d3lafur Adolfsson and Bjarni M\u00e1r J\u00fal\u00edusson for Grundartangi;<\/li>\n<li>Halld\u00f3r \u00deorsteinsson and B\u00f6\u00f0var Sigurbj\u00f6rnsson for IPA;<\/li>\n<li>Brynjar Vatnsdal for Isavia;<\/li>\n<li>Arnar Gu\u00f0mundsson and Sigga D\u00f6gg for \u00cdslandsstofa;<\/li>\n<li>P\u00e1lmi Freyr Randversson for Kadeco;<\/li>\n<li>P\u00e1lmar Har\u00f0arson and Arnar Gu\u00f0mundsson for K\u00f6llurnarkletture ehf. ;<\/li>\n<li>\u00c1slaug Gunnlaugsd\u00f3ttir and Gunnlaugur Gar\u00f0arsson for Local L\u00f6gmenn;<\/li>\n<li>\u00d3li \u00d6rn Eir\u00edksson for Reikjavik;<\/li>\n<li>Bjarni Gu\u00f0mundsson for SASS;<\/li>\n<li>Unnur Orrad\u00f3ttir Ramette for Sendira\u00f5i\u00f5 Paris;<\/li>\n<li>D\u00edana J\u00f3hannsd\u00f3ttir and Anna Lind Bj\u00f6rnsd\u00f3ttir for SSNE;<\/li>\n<li>Magn\u00fas Bar\u00f0dal for SSNV;<\/li>\n<li>Berglind Kristinsd\u00f3ttir for SSS;<\/li>\n<li>Sigursteinn Sigur\u00f5sson and Gu\u00f5veig Eygl\u00f3ard\u00f3ttir for SSV;<\/li>\n<li>Sigr\u00ed\u00f0ur Kristj\u00e1nsd\u00f3ttir for Vestfjar\u00f5astofa.<\/li>\n<\/ul>\n<p>Sophia Antipolis expressed the wish to continue discussions with Iceland, Buisiness Iceland and digital players in the form of a mutual development contract.<\/p>\n<p>Unnur Orrad\u00f3ttir Ramette, Ambassador of Iceland to France and other European countries, as well as to the OECD (Organization for Economic Co-operation and Development), speaks with Anthony Denay for &#8220;Immoweek&#8221; about two projects in the capital, Reykjavik&#8230;[\/et_pb_text][et_pb_text _builder_version=&#8221;4.27.0&#8243; _module_preset=&#8221;default&#8221; global_colors_info=&#8221;{}&#8221;]<\/p>\n<p><iframe name=\"Ausha Podcast Player\" frameborder=\"0\" loading=\"lazy\" id=\"ausha-8MY3\" height=\"220\" style=\"border: none; width: 100%; height: 220px;\" src=\"https:\/\/player.ausha.co\/?podcastId=1PYdmUjnN0NW&amp;v=3&amp;playerId=ausha-8MY3\"><\/iframe><br \/>\n<script src=\"https:\/\/player.ausha.co\/ausha-player.js\"><\/script>\n<\/p>\n<p>[\/et_pb_text][et_pb_text admin_label=&#8221;Texte de l&#8217;article&#8221; _builder_version=&#8221;4.27.0&#8243; text_font=&#8221;||||||||&#8221; text_line_height=&#8221;1.8em&#8221; header_font=&#8221;Libre Franklin|600|||||||&#8221; header_font_size=&#8221;60px&#8221; header_line_height=&#8221;1.4em&#8221; text_orientation=&#8221;justified&#8221; header_font_size_tablet=&#8221;&#8221; header_font_size_phone=&#8221;32px&#8221; header_font_size_last_edited=&#8221;on|phone&#8221; global_colors_info=&#8221;{}&#8221;]The CCFRIS Association organized face-to-face meetings between French actors and Icelandic delegates: Accor, Nexity, Vinci, etc. in particular in the context of the creation\/extension of the city of KELDUR (8000,000m2 to be built) and of the tripling of the KEFLAVIK international airport. It is planned to organize a company visit to Iceland in 2025.<\/p>\n<ul>\n<li>S\u00ed\u00f0asta Croisette sk\u00fdrslan. B\u00ed\u00f0 eftir sk\u00fdrslunni f. 2023:<br \/>\n<a href=\"https:\/\/croisette.com\/is\/skyrslur\/report-the-property-market-in-iceland-2022\/\" target=\"_blank\" rel=\"noopener\">https:\/\/croisette.com \/is\/skyrslur\/report-the-property-market-in-iceland-2022\/<\/a><\/li>\n<li>Sk\u00fdrslur Se\u00f0labankans um fj\u00e1rm\u00e1last\u00f6\u00f0ugleika innihalda uppl\u00fdsingar um b\u00e6\u00f0i efnahagsl\u00edfi\u00f0 almennt og kafla um fasteignamarka\u00f0inn. \u00cd n\u00fdjustu, sem kom \u00fat me\u00f0an \u00e1 MIPIM st\u00f3\u00f0, kemur fram a\u00f0 CRE ver\u00f0 hefur haldi\u00f0 \u00e1fram a\u00f0 h\u00e6kka en m\u00f6gulega h\u00e6gi \u00e1. \u00de\u00fa meter cannski hversu vi\u00f0eigandi \u00feessi \u00fatg\u00e1fa er:<br \/>\n<a href=\"https:\/\/www.cb.is\/publications\/publications\/publication\/2024\/03\/13\/Financial-Stability-2024-1\/\" target=\"_blank\" rel=\"noopener\">https:\/ \/www.cb.is\/publications\/publications\/publication\/2024\/03\/13\/Financial-Stability-2024-1\/<\/a><\/li>\n<li>Mannfj\u00f6ldasp\u00e1r eru helsta sk\u00fdringin \u00e1 auglj\u00f3sri eftirspurn eftir \u00edb\u00fa\u00f0arh\u00fasn\u00e6\u00f0i \u00e1 komandi \u00e1rum:<br \/>\n<a href=\"https:\/\/statice.is\/statistics\/population\/population-projections\/population-projections\/\" target=\"_blank\" rel=\"noopener\">https:\/\/statice.is\/statistics\/population\/population -projections\/population-projections\/<\/a><\/li>\n<li>Eftir hrun\u00e1rin og Covid d\u00fdfuna er frambo\u00f0 \u00edb\u00fa\u00f0arh\u00fasn\u00e6\u00f0is fjarri \u00fev\u00ed n\u00f3g \u00fe\u00f3tt heldur \u00feokist \u00ed retta \u00e1tt:<br \/>\n<a href=\"https:\/\/statice.is\/statistics\/business-sectors\/industry\/constructions\/\" target=\"_blank\" rel=\"noopener\">https:\/\/statice.is\/statistics\/business-sectors\/industry \/constructions\/<\/a><\/li>\n<li>Svo er \u00feetta \u00fev\u00ed mi\u00f0ur bara \u00e1 \u00edslensku en kannski r\u00e6\u00f0ur google translate vi\u00f0 \u00feetta:<br \/>\n<a href=\"https:\/\/hms.is\/frettir\/arleg-ibudathorf-minnkar-ekki-vegna-endurmats\" target=\"_blank\" rel=\"noopener\">https:\/\/hms.is\/frettir\/arleg- ibudathorf-minnkar-ekki-vegna-endurmats<\/a><\/li>\n<\/ul>\n<p>[\/et_pb_text][\/et_pb_column][et_pb_column type=&#8221;1_3&#8243; _builder_version=&#8221;4.16&#8243; custom_padding=&#8221;|||&#8221; global_colors_info=&#8221;{}&#8221; custom_padding__hover=&#8221;|||&#8221;][et_pb_gallery gallery_ids=&#8221;201&#8243; fullwidth=&#8221;on&#8221; _builder_version=&#8221;4.27.0&#8243; _module_preset=&#8221;default&#8221; background_layout=&#8221;dark&#8221; global_colors_info=&#8221;{}&#8221;][\/et_pb_gallery][et_pb_gallery gallery_ids=&#8221;235,236,237,238,239,240,241,242,243,244&#8243; posts_number=&#8221;3&#8243; show_title_and_caption=&#8221;off&#8221; disabled_on=&#8221;on|on|on&#8221; _builder_version=&#8221;4.24.3&#8243; _module_preset=&#8221;default&#8221; custom_margin=&#8221;||||false|false&#8221; custom_padding=&#8221;||||true|false&#8221; disabled=&#8221;on&#8221; global_colors_info=&#8221;{}&#8221;][\/et_pb_gallery][\/et_pb_column][\/et_pb_row][et_pb_row admin_label=&#8221;Ligne&#8221; _builder_version=&#8221;4.16&#8243; module_alignment=&#8221;right&#8221; custom_padding=&#8221;30px|0px|0|0px|false|false&#8221; locked=&#8221;off&#8221; global_colors_info=&#8221;{}&#8221;][et_pb_column type=&#8221;4_4&#8243; _builder_version=&#8221;4.16&#8243; custom_padding=&#8221;|||&#8221; global_colors_info=&#8221;{}&#8221; custom_padding__hover=&#8221;|||&#8221;][et_pb_button button_url=&#8221;@ET-DC@eyJkeW5hbWljIjp0cnVlLCJjb250ZW50IjoicG9zdF9saW5rX3VybF9wYWdlIiwic2V0dGluZ3MiOnsicG9zdF9pZCI6IjQzIn19@&#8221; button_text=&#8221;Other CCFRIS-AF news&#8221; button_alignment=&#8221;right&#8221; _builder_version=&#8221;4.27.0&#8243; _dynamic_attributes=&#8221;button_url&#8221; custom_button=&#8221;on&#8221; button_text_size=&#8221;14px&#8221; button_bg_color=&#8221;#003399&#8243; button_border_color=&#8221;#003399&#8243; button_border_radius=&#8221;0px&#8221; button_letter_spacing=&#8221;3px&#8221; button_font=&#8221;Libre Franklin|700||on|||||&#8221; button_icon=&#8221;&#x35;||divi||400&#8243; button_on_hover=&#8221;off&#8221; background_layout=&#8221;dark&#8221; custom_margin=&#8221;|||&#8221; custom_padding=&#8221;30px|70px|30px|70px|true|true&#8221; custom_padding_tablet=&#8221;30px|70px|30px|70px|true|true&#8221; custom_padding_phone=&#8221;10px|10px|10px|10px|true|true&#8221; custom_padding_last_edited=&#8221;on|phone&#8221; animation_style=&#8221;fold&#8221; animation_direction=&#8221;right&#8221; button_text_size_tablet=&#8221;14px&#8221; button_text_size_phone=&#8221;12px&#8221; button_text_size_last_edited=&#8221;on|phone&#8221; box_shadow_style=&#8221;preset4&#8243; box_shadow_horizontal=&#8221;-30px&#8221; box_shadow_vertical=&#8221;-30px&#8221; box_shadow_spread=&#8221;-10px&#8221; box_shadow_color=&#8221;rgba(0,51,153,0.1)&#8221; global_colors_info=&#8221;{}&#8221; button_text_size__hover_enabled=&#8221;off&#8221; button_one_text_size__hover_enabled=&#8221;off&#8221; button_two_text_size__hover_enabled=&#8221;off&#8221; button_text_color__hover_enabled=&#8221;off&#8221; button_one_text_color__hover_enabled=&#8221;off&#8221; button_two_text_color__hover_enabled=&#8221;off&#8221; button_border_width__hover_enabled=&#8221;off&#8221; button_one_border_width__hover_enabled=&#8221;off&#8221; button_two_border_width__hover_enabled=&#8221;off&#8221; button_border_color__hover_enabled=&#8221;off&#8221; button_one_border_color__hover_enabled=&#8221;off&#8221; button_two_border_color__hover_enabled=&#8221;off&#8221; button_border_radius__hover_enabled=&#8221;off&#8221; button_one_border_radius__hover_enabled=&#8221;off&#8221; button_two_border_radius__hover_enabled=&#8221;off&#8221; button_letter_spacing__hover_enabled=&#8221;off&#8221; button_one_letter_spacing__hover_enabled=&#8221;off&#8221; button_two_letter_spacing__hover_enabled=&#8221;off&#8221; button_bg_color__hover_enabled=&#8221;off&#8221; button_one_bg_color__hover_enabled=&#8221;off&#8221; button_two_bg_color__hover_enabled=&#8221;off&#8221;][\/et_pb_button][\/et_pb_column][\/et_pb_row][\/et_pb_section]<\/p>\n","protected":false},"excerpt":{"rendered":"<p>Three hours by plane from France, Iceland hopes to attract French investors to this Nordic country with magnificent landscapes. The Franco-Icelandic Chamber organized an intervention during MIPIM (international real estate exhibition, 22,000 participants) which took place in Cannes from March 12 to 15, 2024, as part of Islandstofan&#8217;s visit. The Icelandic delegation was composed of: [&hellip;]<\/p>\n","protected":false},"author":1,"featured_media":201,"comment_status":"closed","ping_status":"open","sticky":false,"template":"","format":"standard","meta":{"_et_pb_use_builder":"on","_et_pb_old_content":"","_et_gb_content_width":"","footnotes":""},"categories":[12,7],"tags":[],"class_list":["post-57","post","type-post","status-publish","format-standard","has-post-thumbnail","hentry","category-best-news","category-year-2024"],"yoast_head":"<!-- This site is optimized with the Yoast SEO plugin v23.9 - https:\/\/yoast.com\/wordpress\/plugins\/seo\/ -->\n<title>Intervention during MIPIM in Cannes - French Association of the French-Icelandic Chamber of Commerce and Industry - CCFRIS-AF<\/title>\n<meta name=\"description\" content=\"The Franco-Icelandic Chamber organized an intervention during MIPIM (international real estate exhibition, 22,000 participants) which took place in Cannes from March 12 to 15, 2024, as part of Islandstofan\u2019s visit.\" \/>\n<meta name=\"robots\" content=\"index, follow, max-snippet:-1, max-image-preview:large, max-video-preview:-1\" \/>\n<link rel=\"canonical\" href=\"https:\/\/ccfris-af.org\/en\/intervention-during-mipim-in-cannes\/\" \/>\n<meta property=\"og:locale\" content=\"en_GB\" \/>\n<meta property=\"og:type\" content=\"article\" \/>\n<meta property=\"og:title\" content=\"Intervention during MIPIM in Cannes - French Association of the French-Icelandic Chamber of Commerce and Industry - CCFRIS-AF\" \/>\n<meta property=\"og:description\" content=\"The Franco-Icelandic Chamber organized an intervention during MIPIM (international real estate exhibition, 22,000 participants) which took place in Cannes from March 12 to 15, 2024, as part of Islandstofan\u2019s visit.\" \/>\n<meta property=\"og:url\" content=\"https:\/\/ccfris-af.org\/en\/intervention-during-mipim-in-cannes\/\" \/>\n<meta property=\"og:site_name\" content=\"French Association of the French-Icelandic Chamber of Commerce and Industry - CCFRIS-AF\" \/>\n<meta property=\"article:publisher\" content=\"https:\/\/www.facebook.com\/CCFRIS\" \/>\n<meta property=\"article:published_time\" content=\"2024-03-20T09:33:55+00:00\" \/>\n<meta property=\"article:modified_time\" content=\"2024-10-29T13:56:15+00:00\" \/>\n<meta property=\"og:image\" content=\"https:\/\/ccfris-af.org\/en\/wp-content\/uploads\/sites\/2\/2024\/08\/Mipim-vignette-2024.jpg\" \/>\n\t<meta property=\"og:image:width\" content=\"960\" \/>\n\t<meta property=\"og:image:height\" content=\"640\" \/>\n\t<meta property=\"og:image:type\" content=\"image\/jpeg\" \/>\n<meta name=\"author\" content=\"Julien Barbat\" \/>\n<meta name=\"twitter:card\" content=\"summary_large_image\" \/>\n<meta name=\"twitter:label1\" content=\"Written by\" \/>\n\t<meta name=\"twitter:data1\" content=\"Julien Barbat\" \/>\n\t<meta name=\"twitter:label2\" content=\"Estimated reading time\" \/>\n\t<meta name=\"twitter:data2\" content=\"3 minutes\" \/>\n<script type=\"application\/ld+json\" class=\"yoast-schema-graph\">{\"@context\":\"https:\/\/schema.org\",\"@graph\":[{\"@type\":\"Article\",\"@id\":\"https:\/\/ccfris-af.org\/en\/intervention-during-mipim-in-cannes\/#article\",\"isPartOf\":{\"@id\":\"https:\/\/ccfris-af.org\/en\/intervention-during-mipim-in-cannes\/\"},\"author\":{\"name\":\"Julien Barbat\",\"@id\":\"https:\/\/ccfris-af.org\/en\/#\/schema\/person\/1bd85f34bc7fab90d5ba63ac7b4627f8\"},\"headline\":\"Intervention during MIPIM in Cannes\",\"datePublished\":\"2024-03-20T09:33:55+00:00\",\"dateModified\":\"2024-10-29T13:56:15+00:00\",\"mainEntityOfPage\":{\"@id\":\"https:\/\/ccfris-af.org\/en\/intervention-during-mipim-in-cannes\/\"},\"wordCount\":1681,\"publisher\":{\"@id\":\"https:\/\/ccfris-af.org\/en\/#organization\"},\"image\":{\"@id\":\"https:\/\/ccfris-af.org\/en\/intervention-during-mipim-in-cannes\/#primaryimage\"},\"thumbnailUrl\":\"https:\/\/ccfris-af.org\/en\/wp-content\/uploads\/sites\/2\/2024\/08\/Mipim-vignette-2024.jpg\",\"articleSection\":[\"Best news\",\"Year 2024\"],\"inLanguage\":\"en-GB\"},{\"@type\":\"WebPage\",\"@id\":\"https:\/\/ccfris-af.org\/en\/intervention-during-mipim-in-cannes\/\",\"url\":\"https:\/\/ccfris-af.org\/en\/intervention-during-mipim-in-cannes\/\",\"name\":\"Intervention during MIPIM in Cannes - French Association of the French-Icelandic Chamber of Commerce and Industry - CCFRIS-AF\",\"isPartOf\":{\"@id\":\"https:\/\/ccfris-af.org\/en\/#website\"},\"primaryImageOfPage\":{\"@id\":\"https:\/\/ccfris-af.org\/en\/intervention-during-mipim-in-cannes\/#primaryimage\"},\"image\":{\"@id\":\"https:\/\/ccfris-af.org\/en\/intervention-during-mipim-in-cannes\/#primaryimage\"},\"thumbnailUrl\":\"https:\/\/ccfris-af.org\/en\/wp-content\/uploads\/sites\/2\/2024\/08\/Mipim-vignette-2024.jpg\",\"datePublished\":\"2024-03-20T09:33:55+00:00\",\"dateModified\":\"2024-10-29T13:56:15+00:00\",\"description\":\"The Franco-Icelandic Chamber organized an intervention during MIPIM (international real estate exhibition, 22,000 participants) which took place in Cannes from March 12 to 15, 2024, as part of Islandstofan\u2019s visit.\",\"breadcrumb\":{\"@id\":\"https:\/\/ccfris-af.org\/en\/intervention-during-mipim-in-cannes\/#breadcrumb\"},\"inLanguage\":\"en-GB\",\"potentialAction\":[{\"@type\":\"ReadAction\",\"target\":[\"https:\/\/ccfris-af.org\/en\/intervention-during-mipim-in-cannes\/\"]}]},{\"@type\":\"ImageObject\",\"inLanguage\":\"en-GB\",\"@id\":\"https:\/\/ccfris-af.org\/en\/intervention-during-mipim-in-cannes\/#primaryimage\",\"url\":\"https:\/\/ccfris-af.org\/en\/wp-content\/uploads\/sites\/2\/2024\/08\/Mipim-vignette-2024.jpg\",\"contentUrl\":\"https:\/\/ccfris-af.org\/en\/wp-content\/uploads\/sites\/2\/2024\/08\/Mipim-vignette-2024.jpg\",\"width\":960,\"height\":640},{\"@type\":\"BreadcrumbList\",\"@id\":\"https:\/\/ccfris-af.org\/en\/intervention-during-mipim-in-cannes\/#breadcrumb\",\"itemListElement\":[{\"@type\":\"ListItem\",\"position\":1,\"name\":\"Accueil\",\"item\":\"https:\/\/ccfris-af.org\/en\/\"},{\"@type\":\"ListItem\",\"position\":2,\"name\":\"Intervention during MIPIM in Cannes\"}]},{\"@type\":\"WebSite\",\"@id\":\"https:\/\/ccfris-af.org\/en\/#website\",\"url\":\"https:\/\/ccfris-af.org\/en\/\",\"name\":\"French Association of the Chamber of Commerce and Industry French-Icelandic - CCFRIS-AF\",\"description\":\"\",\"publisher\":{\"@id\":\"https:\/\/ccfris-af.org\/en\/#organization\"},\"potentialAction\":[{\"@type\":\"SearchAction\",\"target\":{\"@type\":\"EntryPoint\",\"urlTemplate\":\"https:\/\/ccfris-af.org\/en\/?s={search_term_string}\"},\"query-input\":{\"@type\":\"PropertyValueSpecification\",\"valueRequired\":true,\"valueName\":\"search_term_string\"}}],\"inLanguage\":\"en-GB\"},{\"@type\":\"Organization\",\"@id\":\"https:\/\/ccfris-af.org\/en\/#organization\",\"name\":\"French Association of the Chamber of Commerce and Industry French-Icelandic - CCFRIS-AF\",\"url\":\"https:\/\/ccfris-af.org\/en\/\",\"logo\":{\"@type\":\"ImageObject\",\"inLanguage\":\"en-GB\",\"@id\":\"https:\/\/ccfris-af.org\/en\/#\/schema\/logo\/image\/\",\"url\":\"https:\/\/ccfris-af.org\/en\/wp-content\/uploads\/sites\/2\/2024\/09\/Logo-Association-Francaise-de-la-Chambre-de-Commerce-et-Industrie-Franco-Islandaise-CCFRIS-AF.jpg\",\"contentUrl\":\"https:\/\/ccfris-af.org\/en\/wp-content\/uploads\/sites\/2\/2024\/09\/Logo-Association-Francaise-de-la-Chambre-de-Commerce-et-Industrie-Franco-Islandaise-CCFRIS-AF.jpg\",\"width\":66,\"height\":84,\"caption\":\"French Association of the Chamber of Commerce and Industry French-Icelandic - CCFRIS-AF\"},\"image\":{\"@id\":\"https:\/\/ccfris-af.org\/en\/#\/schema\/logo\/image\/\"},\"sameAs\":[\"https:\/\/www.facebook.com\/CCFRIS\",\"https:\/\/fr.linkedin.com\/company\/fris-chambre-de-commerce-franco-islandaise-en-france\"]},{\"@type\":\"Person\",\"@id\":\"https:\/\/ccfris-af.org\/en\/#\/schema\/person\/1bd85f34bc7fab90d5ba63ac7b4627f8\",\"name\":\"Julien Barbat\",\"image\":{\"@type\":\"ImageObject\",\"inLanguage\":\"en-GB\",\"@id\":\"https:\/\/ccfris-af.org\/en\/#\/schema\/person\/image\/\",\"url\":\"https:\/\/secure.gravatar.com\/avatar\/1dfbac3f714644665423810343f35a0f?s=96&d=mm&r=g\",\"contentUrl\":\"https:\/\/secure.gravatar.com\/avatar\/1dfbac3f714644665423810343f35a0f?s=96&d=mm&r=g\",\"caption\":\"Julien Barbat\"},\"sameAs\":[\"https:\/\/julienbarbat.com\"]}]}<\/script>\n<!-- \/ Yoast SEO plugin. -->","yoast_head_json":{"title":"Intervention during MIPIM in Cannes - French Association of the French-Icelandic Chamber of Commerce and Industry - CCFRIS-AF","description":"The Franco-Icelandic Chamber organized an intervention during MIPIM (international real estate exhibition, 22,000 participants) which took place in Cannes from March 12 to 15, 2024, as part of Islandstofan\u2019s visit.","robots":{"index":"index","follow":"follow","max-snippet":"max-snippet:-1","max-image-preview":"max-image-preview:large","max-video-preview":"max-video-preview:-1"},"canonical":"https:\/\/ccfris-af.org\/en\/intervention-during-mipim-in-cannes\/","og_locale":"en_GB","og_type":"article","og_title":"Intervention during MIPIM in Cannes - French Association of the French-Icelandic Chamber of Commerce and Industry - CCFRIS-AF","og_description":"The Franco-Icelandic Chamber organized an intervention during MIPIM (international real estate exhibition, 22,000 participants) which took place in Cannes from March 12 to 15, 2024, as part of Islandstofan\u2019s visit.","og_url":"https:\/\/ccfris-af.org\/en\/intervention-during-mipim-in-cannes\/","og_site_name":"French Association of the French-Icelandic Chamber of Commerce and Industry - CCFRIS-AF","article_publisher":"https:\/\/www.facebook.com\/CCFRIS","article_published_time":"2024-03-20T09:33:55+00:00","article_modified_time":"2024-10-29T13:56:15+00:00","og_image":[{"width":960,"height":640,"url":"https:\/\/ccfris-af.org\/en\/wp-content\/uploads\/sites\/2\/2024\/08\/Mipim-vignette-2024.jpg","type":"image\/jpeg"}],"author":"Julien Barbat","twitter_card":"summary_large_image","twitter_misc":{"Written by":"Julien Barbat","Estimated reading time":"3 minutes"},"schema":{"@context":"https:\/\/schema.org","@graph":[{"@type":"Article","@id":"https:\/\/ccfris-af.org\/en\/intervention-during-mipim-in-cannes\/#article","isPartOf":{"@id":"https:\/\/ccfris-af.org\/en\/intervention-during-mipim-in-cannes\/"},"author":{"name":"Julien Barbat","@id":"https:\/\/ccfris-af.org\/en\/#\/schema\/person\/1bd85f34bc7fab90d5ba63ac7b4627f8"},"headline":"Intervention during MIPIM in Cannes","datePublished":"2024-03-20T09:33:55+00:00","dateModified":"2024-10-29T13:56:15+00:00","mainEntityOfPage":{"@id":"https:\/\/ccfris-af.org\/en\/intervention-during-mipim-in-cannes\/"},"wordCount":1681,"publisher":{"@id":"https:\/\/ccfris-af.org\/en\/#organization"},"image":{"@id":"https:\/\/ccfris-af.org\/en\/intervention-during-mipim-in-cannes\/#primaryimage"},"thumbnailUrl":"https:\/\/ccfris-af.org\/en\/wp-content\/uploads\/sites\/2\/2024\/08\/Mipim-vignette-2024.jpg","articleSection":["Best news","Year 2024"],"inLanguage":"en-GB"},{"@type":"WebPage","@id":"https:\/\/ccfris-af.org\/en\/intervention-during-mipim-in-cannes\/","url":"https:\/\/ccfris-af.org\/en\/intervention-during-mipim-in-cannes\/","name":"Intervention during MIPIM in Cannes - French Association of the French-Icelandic Chamber of Commerce and Industry - CCFRIS-AF","isPartOf":{"@id":"https:\/\/ccfris-af.org\/en\/#website"},"primaryImageOfPage":{"@id":"https:\/\/ccfris-af.org\/en\/intervention-during-mipim-in-cannes\/#primaryimage"},"image":{"@id":"https:\/\/ccfris-af.org\/en\/intervention-during-mipim-in-cannes\/#primaryimage"},"thumbnailUrl":"https:\/\/ccfris-af.org\/en\/wp-content\/uploads\/sites\/2\/2024\/08\/Mipim-vignette-2024.jpg","datePublished":"2024-03-20T09:33:55+00:00","dateModified":"2024-10-29T13:56:15+00:00","description":"The Franco-Icelandic Chamber organized an intervention during MIPIM (international real estate exhibition, 22,000 participants) which took place in Cannes from March 12 to 15, 2024, as part of Islandstofan\u2019s visit.","breadcrumb":{"@id":"https:\/\/ccfris-af.org\/en\/intervention-during-mipim-in-cannes\/#breadcrumb"},"inLanguage":"en-GB","potentialAction":[{"@type":"ReadAction","target":["https:\/\/ccfris-af.org\/en\/intervention-during-mipim-in-cannes\/"]}]},{"@type":"ImageObject","inLanguage":"en-GB","@id":"https:\/\/ccfris-af.org\/en\/intervention-during-mipim-in-cannes\/#primaryimage","url":"https:\/\/ccfris-af.org\/en\/wp-content\/uploads\/sites\/2\/2024\/08\/Mipim-vignette-2024.jpg","contentUrl":"https:\/\/ccfris-af.org\/en\/wp-content\/uploads\/sites\/2\/2024\/08\/Mipim-vignette-2024.jpg","width":960,"height":640},{"@type":"BreadcrumbList","@id":"https:\/\/ccfris-af.org\/en\/intervention-during-mipim-in-cannes\/#breadcrumb","itemListElement":[{"@type":"ListItem","position":1,"name":"Accueil","item":"https:\/\/ccfris-af.org\/en\/"},{"@type":"ListItem","position":2,"name":"Intervention during MIPIM in Cannes"}]},{"@type":"WebSite","@id":"https:\/\/ccfris-af.org\/en\/#website","url":"https:\/\/ccfris-af.org\/en\/","name":"French Association of the Chamber of Commerce and Industry French-Icelandic - CCFRIS-AF","description":"","publisher":{"@id":"https:\/\/ccfris-af.org\/en\/#organization"},"potentialAction":[{"@type":"SearchAction","target":{"@type":"EntryPoint","urlTemplate":"https:\/\/ccfris-af.org\/en\/?s={search_term_string}"},"query-input":{"@type":"PropertyValueSpecification","valueRequired":true,"valueName":"search_term_string"}}],"inLanguage":"en-GB"},{"@type":"Organization","@id":"https:\/\/ccfris-af.org\/en\/#organization","name":"French Association of the Chamber of Commerce and Industry French-Icelandic - CCFRIS-AF","url":"https:\/\/ccfris-af.org\/en\/","logo":{"@type":"ImageObject","inLanguage":"en-GB","@id":"https:\/\/ccfris-af.org\/en\/#\/schema\/logo\/image\/","url":"https:\/\/ccfris-af.org\/en\/wp-content\/uploads\/sites\/2\/2024\/09\/Logo-Association-Francaise-de-la-Chambre-de-Commerce-et-Industrie-Franco-Islandaise-CCFRIS-AF.jpg","contentUrl":"https:\/\/ccfris-af.org\/en\/wp-content\/uploads\/sites\/2\/2024\/09\/Logo-Association-Francaise-de-la-Chambre-de-Commerce-et-Industrie-Franco-Islandaise-CCFRIS-AF.jpg","width":66,"height":84,"caption":"French Association of the Chamber of Commerce and Industry French-Icelandic - CCFRIS-AF"},"image":{"@id":"https:\/\/ccfris-af.org\/en\/#\/schema\/logo\/image\/"},"sameAs":["https:\/\/www.facebook.com\/CCFRIS","https:\/\/fr.linkedin.com\/company\/fris-chambre-de-commerce-franco-islandaise-en-france"]},{"@type":"Person","@id":"https:\/\/ccfris-af.org\/en\/#\/schema\/person\/1bd85f34bc7fab90d5ba63ac7b4627f8","name":"Julien Barbat","image":{"@type":"ImageObject","inLanguage":"en-GB","@id":"https:\/\/ccfris-af.org\/en\/#\/schema\/person\/image\/","url":"https:\/\/secure.gravatar.com\/avatar\/1dfbac3f714644665423810343f35a0f?s=96&d=mm&r=g","contentUrl":"https:\/\/secure.gravatar.com\/avatar\/1dfbac3f714644665423810343f35a0f?s=96&d=mm&r=g","caption":"Julien Barbat"},"sameAs":["https:\/\/julienbarbat.com"]}]}},"_links":{"self":[{"href":"https:\/\/ccfris-af.org\/en\/wp-json\/wp\/v2\/posts\/57"}],"collection":[{"href":"https:\/\/ccfris-af.org\/en\/wp-json\/wp\/v2\/posts"}],"about":[{"href":"https:\/\/ccfris-af.org\/en\/wp-json\/wp\/v2\/types\/post"}],"author":[{"embeddable":true,"href":"https:\/\/ccfris-af.org\/en\/wp-json\/wp\/v2\/users\/1"}],"replies":[{"embeddable":true,"href":"https:\/\/ccfris-af.org\/en\/wp-json\/wp\/v2\/comments?post=57"}],"version-history":[{"count":1,"href":"https:\/\/ccfris-af.org\/en\/wp-json\/wp\/v2\/posts\/57\/revisions"}],"predecessor-version":[{"id":356,"href":"https:\/\/ccfris-af.org\/en\/wp-json\/wp\/v2\/posts\/57\/revisions\/356"}],"wp:featuredmedia":[{"embeddable":true,"href":"https:\/\/ccfris-af.org\/en\/wp-json\/wp\/v2\/media\/201"}],"wp:attachment":[{"href":"https:\/\/ccfris-af.org\/en\/wp-json\/wp\/v2\/media?parent=57"}],"wp:term":[{"taxonomy":"category","embeddable":true,"href":"https:\/\/ccfris-af.org\/en\/wp-json\/wp\/v2\/categories?post=57"},{"taxonomy":"post_tag","embeddable":true,"href":"https:\/\/ccfris-af.org\/en\/wp-json\/wp\/v2\/tags?post=57"}],"curies":[{"name":"wp","href":"https:\/\/api.w.org\/{rel}","templated":true}]}}